{"id":2822,"date":"2019-06-26T20:11:59","date_gmt":"2019-06-26T20:11:59","guid":{"rendered":"http:\/\/cineclubecauim.ong.br\/wp\/?p=2822"},"modified":"2019-06-26T20:11:59","modified_gmt":"2019-06-26T20:11:59","slug":"emef-profa-maria-ines-machado-vieira-26-de-junho-de-2019-tarde-com-galeria-de-fotos-e-video","status":"publish","type":"post","link":"https:\/\/cauim.org\/fr\/emef-profa-maria-ines-machado-vieira-26-de-junho-de-2019-tarde-com-galeria-de-fotos-e-video\/","title":{"rendered":"EMEF Prof\u00aa Maria In\u00eas Machado Vieira &#8211; 26 de junho de 2019 &#8211; tarde &#8211; com galeria de fotos e v\u00eddeo"},"content":{"rendered":"<p>Alunos e professoras da EMEF Professora Maria In\u00eas Machado Vieira estiveram na tarde desta quarta-feira no Cauim para assistir a um filme dentro dos projetos realizados pelo Cineclube neste ano.<\/p>\n\n\t\t\t<h2>Galerie photo<\/h2>\n\t\t\t<figure class='gallery-item'>\n\t\t\t\t<a data-elementor-open-lightbox=\"default\" data-elementor-lightbox-slideshow=\"5ebe496\" href='http:\/\/cineclubecauim.ong.br\/wp\/wp-content\/uploads\/2019\/06\/EMEF-MARIA-INES-VIEIRA-MACHADO-26062019-TARDE0070.jpg'><img fetchpriority=\"high\" decoding=\"async\" width=\"250\" height=\"250\" src=\"http:\/\/cineclubecauim.ong.br\/wp\/wp-content\/uploads\/2019\/06\/EMEF-MARIA-INES-VIEIRA-MACHADO-26062019-TARDE0070-250x250.jpg\" alt=\"\" srcset=\"http:\/\/cineclubecauim.ong.br\/wp\/wp-content\/uploads\/2019\/06\/EMEF-MARIA-INES-VIEIRA-MACHADO-26062019-TARDE0070-250x250.jpg 250w, http:\/\/cineclubecauim.ong.br\/wp\/wp-content\/uploads\/2019\/06\/EMEF-MARIA-INES-VIEIRA-MACHADO-26062019-TARDE0070-500x500.jpg 500w, http:\/\/cineclubecauim.ong.br\/wp\/wp-content\/uploads\/2019\/06\/EMEF-MARIA-INES-VIEIRA-MACHADO-26062019-TARDE0070-768x767.jpg 768w, http:\/\/cineclubecauim.ong.br\/wp\/wp-content\/uploads\/2019\/06\/EMEF-MARIA-INES-VIEIRA-MACHADO-26062019-TARDE0070.jpg 817w\" sizes=\"(max-width: 250px) 100vw, 250px\" \/><\/a>\n\t\t\t<\/figure><figure class='gallery-item'>\n\t\t\t\t<a data-elementor-open-lightbox=\"default\" data-elementor-lightbox-slideshow=\"5ebe496\" href='http:\/\/cineclubecauim.ong.br\/wp\/wp-content\/uploads\/2019\/06\/EMEF-MARIA-INES-VIEIRA-MACHADO-26062019-TARDE0025.jpg'><img decoding=\"async\" width=\"250\" height=\"250\" src=\"http:\/\/cineclubecauim.ong.br\/wp\/wp-content\/uploads\/2019\/06\/EMEF-MARIA-INES-VIEIRA-MACHADO-26062019-TARDE0025-250x250.jpg\" alt=\"\" \/><\/a>\n\t\t\t<\/figure><figure class='gallery-item'>\n\t\t\t\t<a data-elementor-open-lightbox=\"default\" data-elementor-lightbox-slideshow=\"5ebe496\" href='http:\/\/cineclubecauim.ong.br\/wp\/wp-content\/uploads\/2019\/06\/EMEF-MARIA-INES-VIEIRA-MACHADO-26062019-TARDE0010.jpg'><img decoding=\"async\" width=\"250\" height=\"250\" src=\"http:\/\/cineclubecauim.ong.br\/wp\/wp-content\/uploads\/2019\/06\/EMEF-MARIA-INES-VIEIRA-MACHADO-26062019-TARDE0010-250x250.jpg\" alt=\"\" \/><\/a>\n\t\t\t<\/figure><figure class='gallery-item'>\n\t\t\t\t<a data-elementor-open-lightbox=\"default\" data-elementor-lightbox-slideshow=\"5ebe496\" href='http:\/\/cineclubecauim.ong.br\/wp\/wp-content\/uploads\/2019\/06\/EMEF-MARIA-INES-VIEIRA-MACHADO-26062019-TARDE0003.jpg'><img loading=\"lazy\" decoding=\"async\" width=\"250\" height=\"250\" src=\"http:\/\/cineclubecauim.ong.br\/wp\/wp-content\/uploads\/2019\/06\/EMEF-MARIA-INES-VIEIRA-MACHADO-26062019-TARDE0003-250x250.jpg\" alt=\"\" \/><\/a>\n\t\t\t<\/figure><figure class='gallery-item'>\n\t\t\t\t<a data-elementor-open-lightbox=\"default\" data-elementor-lightbox-slideshow=\"5ebe496\" href='http:\/\/cineclubecauim.ong.br\/wp\/wp-content\/uploads\/2019\/06\/EMEF-MARIA-INES-VIEIRA-MACHADO-26062019-TARDE0001.jpg'><img loading=\"lazy\" decoding=\"async\" width=\"250\" height=\"250\" src=\"http:\/\/cineclubecauim.ong.br\/wp\/wp-content\/uploads\/2019\/06\/EMEF-MARIA-INES-VIEIRA-MACHADO-26062019-TARDE0001-250x250.jpg\" alt=\"\" \/><\/a>\n\t\t\t<\/figure><figure class='gallery-item'>\n\t\t\t\t<a data-elementor-open-lightbox=\"default\" data-elementor-lightbox-slideshow=\"5ebe496\" href='http:\/\/cineclubecauim.ong.br\/wp\/wp-content\/uploads\/2019\/06\/EMEF-MARIA-INES-VIEIRA-MACHADO-26062019-TARDE0069.jpg'><img loading=\"lazy\" decoding=\"async\" width=\"250\" height=\"250\" src=\"http:\/\/cineclubecauim.ong.br\/wp\/wp-content\/uploads\/2019\/06\/EMEF-MARIA-INES-VIEIRA-MACHADO-26062019-TARDE0069-250x250.jpg\" alt=\"\" \/><\/a>\n\t\t\t<\/figure><figure class='gallery-item'>\n\t\t\t\t<a data-elementor-open-lightbox=\"default\" data-elementor-lightbox-slideshow=\"5ebe496\" href='http:\/\/cineclubecauim.ong.br\/wp\/wp-content\/uploads\/2019\/06\/EMEF-MARIA-INES-VIEIRA-MACHADO-26062019-TARDE0068.jpg'><img loading=\"lazy\" decoding=\"async\" width=\"250\" height=\"250\" src=\"http:\/\/cineclubecauim.ong.br\/wp\/wp-content\/uploads\/2019\/06\/EMEF-MARIA-INES-VIEIRA-MACHADO-26062019-TARDE0068-250x250.jpg\" alt=\"\" srcset=\"http:\/\/cineclubecauim.ong.br\/wp\/wp-content\/uploads\/2019\/06\/EMEF-MARIA-INES-VIEIRA-MACHADO-26062019-TARDE0068-250x250.jpg 250w, http:\/\/cineclubecauim.ong.br\/wp\/wp-content\/uploads\/2019\/06\/EMEF-MARIA-INES-VIEIRA-MACHADO-26062019-TARDE0068-500x500.jpg 500w, http:\/\/cineclubecauim.ong.br\/wp\/wp-content\/uploads\/2019\/06\/EMEF-MARIA-INES-VIEIRA-MACHADO-26062019-TARDE0068-768x769.jpg 768w, http:\/\/cineclubecauim.ong.br\/wp\/wp-content\/uploads\/2019\/06\/EMEF-MARIA-INES-VIEIRA-MACHADO-26062019-TARDE0068.jpg 786w\" sizes=\"(max-width: 250px) 100vw, 250px\" \/><\/a>\n\t\t\t<\/figure><figure class='gallery-item'>\n\t\t\t\t<a data-elementor-open-lightbox=\"default\" data-elementor-lightbox-slideshow=\"5ebe496\" href='http:\/\/cineclubecauim.ong.br\/wp\/wp-content\/uploads\/2019\/06\/EMEF-MARIA-INES-VIEIRA-MACHADO-26062019-TARDE0067.jpg'><img loading=\"lazy\" decoding=\"async\" width=\"250\" height=\"250\" src=\"http:\/\/cineclubecauim.ong.br\/wp\/wp-content\/uploads\/2019\/06\/EMEF-MARIA-INES-VIEIRA-MACHADO-26062019-TARDE0067-250x250.jpg\" alt=\"\" \/><\/a>\n\t\t\t<\/figure><figure class='gallery-item'>\n\t\t\t\t<a data-elementor-open-lightbox=\"default\" data-elementor-lightbox-slideshow=\"5ebe496\" href='http:\/\/cineclubecauim.ong.br\/wp\/wp-content\/uploads\/2019\/06\/EMEF-MARIA-INES-VIEIRA-MACHADO-26062019-TARDE0066.jpg'><img loading=\"lazy\" decoding=\"async\" width=\"250\" height=\"250\" src=\"http:\/\/cineclubecauim.ong.br\/wp\/wp-content\/uploads\/2019\/06\/EMEF-MARIA-INES-VIEIRA-MACHADO-26062019-TARDE0066-250x250.jpg\" alt=\"\" \/><\/a>\n\t\t\t<\/figure><figure class='gallery-item'>\n\t\t\t\t<a data-elementor-open-lightbox=\"default\" data-elementor-lightbox-slideshow=\"5ebe496\" href='http:\/\/cineclubecauim.ong.br\/wp\/wp-content\/uploads\/2019\/06\/EMEF-MARIA-INES-VIEIRA-MACHADO-26062019-TARDE0065.jpg'><img loading=\"lazy\" decoding=\"async\" width=\"250\" height=\"250\" src=\"http:\/\/cineclubecauim.ong.br\/wp\/wp-content\/uploads\/2019\/06\/EMEF-MARIA-INES-VIEIRA-MACHADO-26062019-TARDE0065-250x250.jpg\" alt=\"\" \/><\/a>\n\t\t\t<\/figure><figure class='gallery-item'>\n\t\t\t\t<a data-elementor-open-lightbox=\"default\" data-elementor-lightbox-slideshow=\"5ebe496\" href='http:\/\/cineclubecauim.ong.br\/wp\/wp-content\/uploads\/2019\/06\/EMEF-MARIA-INES-VIEIRA-MACHADO-26062019-TARDE0064.jpg'><img loading=\"lazy\" decoding=\"async\" width=\"250\" height=\"250\" src=\"http:\/\/cineclubecauim.ong.br\/wp\/wp-content\/uploads\/2019\/06\/EMEF-MARIA-INES-VIEIRA-MACHADO-26062019-TARDE0064-250x250.jpg\" alt=\"\" \/><\/a>\n\t\t\t<\/figure><figure class='gallery-item'>\n\t\t\t\t<a data-elementor-open-lightbox=\"default\" data-elementor-lightbox-slideshow=\"5ebe496\" href='http:\/\/cineclubecauim.ong.br\/wp\/wp-content\/uploads\/2019\/06\/EMEF-MARIA-INES-VIEIRA-MACHADO-26062019-TARDE0063.jpg'><img loading=\"lazy\" decoding=\"async\" width=\"250\" height=\"250\" src=\"http:\/\/cineclubecauim.ong.br\/wp\/wp-content\/uploads\/2019\/06\/EMEF-MARIA-INES-VIEIRA-MACHADO-26062019-TARDE0063-250x250.jpg\" alt=\"\" \/><\/a>\n\t\t\t<\/figure><figure class='gallery-item'>\n\t\t\t\t<a data-elementor-open-lightbox=\"default\" data-elementor-lightbox-slideshow=\"5ebe496\" href='http:\/\/cineclubecauim.ong.br\/wp\/wp-content\/uploads\/2019\/06\/EMEF-MARIA-INES-VIEIRA-MACHADO-26062019-TARDE0062.jpg'><img loading=\"lazy\" decoding=\"async\" width=\"250\" height=\"250\" src=\"http:\/\/cineclubecauim.ong.br\/wp\/wp-content\/uploads\/2019\/06\/EMEF-MARIA-INES-VIEIRA-MACHADO-26062019-TARDE0062-250x250.jpg\" alt=\"\" \/><\/a>\n\t\t\t<\/figure><figure class='gallery-item'>\n\t\t\t\t<a data-elementor-open-lightbox=\"default\" data-elementor-lightbox-slideshow=\"5ebe496\" href='http:\/\/cineclubecauim.ong.br\/wp\/wp-content\/uploads\/2019\/06\/EMEF-MARIA-INES-VIEIRA-MACHADO-26062019-TARDE0061.jpg'><img loading=\"lazy\" decoding=\"async\" width=\"250\" height=\"250\" src=\"http:\/\/cineclubecauim.ong.br\/wp\/wp-content\/uploads\/2019\/06\/EMEF-MARIA-INES-VIEIRA-MACHADO-26062019-TARDE0061-250x250.jpg\" alt=\"\" \/><\/a>\n\t\t\t<\/figure><figure class='gallery-item'>\n\t\t\t\t<a data-elementor-open-lightbox=\"default\" data-elementor-lightbox-slideshow=\"5ebe496\" href='http:\/\/cineclubecauim.ong.br\/wp\/wp-content\/uploads\/2019\/06\/EMEF-MARIA-INES-VIEIRA-MACHADO-26062019-TARDE0060.jpg'><img loading=\"lazy\" decoding=\"async\" width=\"250\" height=\"250\" src=\"http:\/\/cineclubecauim.ong.br\/wp\/wp-content\/uploads\/2019\/06\/EMEF-MARIA-INES-VIEIRA-MACHADO-26062019-TARDE0060-250x250.jpg\" alt=\"\" \/><\/a>\n\t\t\t<\/figure><figure class='gallery-item'>\n\t\t\t\t<a data-elementor-open-lightbox=\"default\" data-elementor-lightbox-slideshow=\"5ebe496\" href='http:\/\/cineclubecauim.ong.br\/wp\/wp-content\/uploads\/2019\/06\/EMEF-MARIA-INES-VIEIRA-MACHADO-26062019-TARDE0059.jpg'><img loading=\"lazy\" decoding=\"async\" width=\"250\" height=\"250\" src=\"http:\/\/cineclubecauim.ong.br\/wp\/wp-content\/uploads\/2019\/06\/EMEF-MARIA-INES-VIEIRA-MACHADO-26062019-TARDE0059-250x250.jpg\" alt=\"\" \/><\/a>\n\t\t\t<\/figure><figure class='gallery-item'>\n\t\t\t\t<a data-elementor-open-lightbox=\"default\" data-elementor-lightbox-slideshow=\"5ebe496\" href='http:\/\/cineclubecauim.ong.br\/wp\/wp-content\/uploads\/2019\/06\/EMEF-MARIA-INES-VIEIRA-MACHADO-26062019-TARDE0058.jpg'><img loading=\"lazy\" decoding=\"async\" width=\"250\" height=\"250\" src=\"http:\/\/cineclubecauim.ong.br\/wp\/wp-content\/uploads\/2019\/06\/EMEF-MARIA-INES-VIEIRA-MACHADO-26062019-TARDE0058-250x250.jpg\" alt=\"\" \/><\/a>\n\t\t\t<\/figure><figure class='gallery-item'>\n\t\t\t\t<a data-elementor-open-lightbox=\"default\" data-elementor-lightbox-slideshow=\"5ebe496\" href='http:\/\/cineclubecauim.ong.br\/wp\/wp-content\/uploads\/2019\/06\/EMEF-MARIA-INES-VIEIRA-MACHADO-26062019-TARDE0057.jpg'><img loading=\"lazy\" decoding=\"async\" width=\"250\" height=\"250\" src=\"http:\/\/cineclubecauim.ong.br\/wp\/wp-content\/uploads\/2019\/06\/EMEF-MARIA-INES-VIEIRA-MACHADO-26062019-TARDE0057-250x250.jpg\" alt=\"\" \/><\/a>\n\t\t\t<\/figure><figure class='gallery-item'>\n\t\t\t\t<a data-elementor-open-lightbox=\"default\" data-elementor-lightbox-slideshow=\"5ebe496\" href='http:\/\/cineclubecauim.ong.br\/wp\/wp-content\/uploads\/2019\/06\/EMEF-MARIA-INES-VIEIRA-MACHADO-26062019-TARDE0056.jpg'><img loading=\"lazy\" decoding=\"async\" width=\"250\" height=\"250\" src=\"http:\/\/cineclubecauim.ong.br\/wp\/wp-content\/uploads\/2019\/06\/EMEF-MARIA-INES-VIEIRA-MACHADO-26062019-TARDE0056-250x250.jpg\" alt=\"\" \/><\/a>\n\t\t\t<\/figure><figure class='gallery-item'>\n\t\t\t\t<a data-elementor-open-lightbox=\"default\" data-elementor-lightbox-slideshow=\"5ebe496\" href='http:\/\/cineclubecauim.ong.br\/wp\/wp-content\/uploads\/2019\/06\/EMEF-MARIA-INES-VIEIRA-MACHADO-26062019-TARDE0055.jpg'><img loading=\"lazy\" decoding=\"async\" width=\"250\" height=\"250\" src=\"http:\/\/cineclubecauim.ong.br\/wp\/wp-content\/uploads\/2019\/06\/EMEF-MARIA-INES-VIEIRA-MACHADO-26062019-TARDE0055-250x250.jpg\" alt=\"\" \/><\/a>\n\t\t\t<\/figure><figure class='gallery-item'>\n\t\t\t\t<a data-elementor-open-lightbox=\"default\" data-elementor-lightbox-slideshow=\"5ebe496\" href='http:\/\/cineclubecauim.ong.br\/wp\/wp-content\/uploads\/2019\/06\/EMEF-MARIA-INES-VIEIRA-MACHADO-26062019-TARDE0053.jpg'><img loading=\"lazy\" decoding=\"async\" width=\"250\" height=\"250\" src=\"http:\/\/cineclubecauim.ong.br\/wp\/wp-content\/uploads\/2019\/06\/EMEF-MARIA-INES-VIEIRA-MACHADO-26062019-TARDE0053-250x250.jpg\" alt=\"\" \/><\/a>\n\t\t\t<\/figure><figure class='gallery-item'>\n\t\t\t\t<a data-elementor-open-lightbox=\"default\" data-elementor-lightbox-slideshow=\"5ebe496\" href='http:\/\/cineclubecauim.ong.br\/wp\/wp-content\/uploads\/2019\/06\/EMEF-MARIA-INES-VIEIRA-MACHADO-26062019-TARDE0052.jpg'><img loading=\"lazy\" decoding=\"async\" width=\"250\" height=\"250\" src=\"http:\/\/cineclubecauim.ong.br\/wp\/wp-content\/uploads\/2019\/06\/EMEF-MARIA-INES-VIEIRA-MACHADO-26062019-TARDE0052-250x250.jpg\" alt=\"\" srcset=\"http:\/\/cineclubecauim.ong.br\/wp\/wp-content\/uploads\/2019\/06\/EMEF-MARIA-INES-VIEIRA-MACHADO-26062019-TARDE0052-250x250.jpg 250w, http:\/\/cineclubecauim.ong.br\/wp\/wp-content\/uploads\/2019\/06\/EMEF-MARIA-INES-VIEIRA-MACHADO-26062019-TARDE0052-500x500.jpg 500w, http:\/\/cineclubecauim.ong.br\/wp\/wp-content\/uploads\/2019\/06\/EMEF-MARIA-INES-VIEIRA-MACHADO-26062019-TARDE0052-768x768.jpg 768w, http:\/\/cineclubecauim.ong.br\/wp\/wp-content\/uploads\/2019\/06\/EMEF-MARIA-INES-VIEIRA-MACHADO-26062019-TARDE0052.jpg 816w\" sizes=\"(max-width: 250px) 100vw, 250px\" \/><\/a>\n\t\t\t<\/figure><figure class='gallery-item'>\n\t\t\t\t<a data-elementor-open-lightbox=\"default\" data-elementor-lightbox-slideshow=\"5ebe496\" href='http:\/\/cineclubecauim.ong.br\/wp\/wp-content\/uploads\/2019\/06\/EMEF-MARIA-INES-VIEIRA-MACHADO-26062019-TARDE0051.jpg'><img loading=\"lazy\" decoding=\"async\" width=\"250\" height=\"250\" src=\"http:\/\/cineclubecauim.ong.br\/wp\/wp-content\/uploads\/2019\/06\/EMEF-MARIA-INES-VIEIRA-MACHADO-26062019-TARDE0051-250x250.jpg\" alt=\"\" \/><\/a>\n\t\t\t<\/figure><figure class='gallery-item'>\n\t\t\t\t<a data-elementor-open-lightbox=\"default\" data-elementor-lightbox-slideshow=\"5ebe496\" href='http:\/\/cineclubecauim.ong.br\/wp\/wp-content\/uploads\/2019\/06\/EMEF-MARIA-INES-VIEIRA-MACHADO-26062019-TARDE0050.jpg'><img loading=\"lazy\" decoding=\"async\" width=\"250\" height=\"250\" src=\"http:\/\/cineclubecauim.ong.br\/wp\/wp-content\/uploads\/2019\/06\/EMEF-MARIA-INES-VIEIRA-MACHADO-26062019-TARDE0050-250x250.jpg\" alt=\"\" \/><\/a>\n\t\t\t<\/figure><figure class='gallery-item'>\n\t\t\t\t<a data-elementor-open-lightbox=\"default\" data-elementor-lightbox-slideshow=\"5ebe496\" href='http:\/\/cineclubecauim.ong.br\/wp\/wp-content\/uploads\/2019\/06\/EMEF-MARIA-INES-VIEIRA-MACHADO-26062019-TARDE0049.jpg'><img loading=\"lazy\" decoding=\"async\" width=\"250\" height=\"250\" src=\"http:\/\/cineclubecauim.ong.br\/wp\/wp-content\/uploads\/2019\/06\/EMEF-MARIA-INES-VIEIRA-MACHADO-26062019-TARDE0049-250x250.jpg\" alt=\"\" \/><\/a>\n\t\t\t<\/figure><figure class='gallery-item'>\n\t\t\t\t<a data-elementor-open-lightbox=\"default\" data-elementor-lightbox-slideshow=\"5ebe496\" href='http:\/\/cineclubecauim.ong.br\/wp\/wp-content\/uploads\/2019\/06\/EMEF-MARIA-INES-VIEIRA-MACHADO-26062019-TARDE0048.jpg'><img loading=\"lazy\" decoding=\"async\" width=\"250\" height=\"250\" src=\"http:\/\/cineclubecauim.ong.br\/wp\/wp-content\/uploads\/2019\/06\/EMEF-MARIA-INES-VIEIRA-MACHADO-26062019-TARDE0048-250x250.jpg\" alt=\"\" \/><\/a>\n\t\t\t<\/figure><figure class='gallery-item'>\n\t\t\t\t<a data-elementor-open-lightbox=\"default\" data-elementor-lightbox-slideshow=\"5ebe496\" href='http:\/\/cineclubecauim.ong.br\/wp\/wp-content\/uploads\/2019\/06\/EMEF-MARIA-INES-VIEIRA-MACHADO-26062019-TARDE0047.jpg'><img loading=\"lazy\" decoding=\"async\" width=\"250\" height=\"250\" src=\"http:\/\/cineclubecauim.ong.br\/wp\/wp-content\/uploads\/2019\/06\/EMEF-MARIA-INES-VIEIRA-MACHADO-26062019-TARDE0047-250x250.jpg\" alt=\"\" \/><\/a>\n\t\t\t<\/figure><figure class='gallery-item'>\n\t\t\t\t<a data-elementor-open-lightbox=\"default\" data-elementor-lightbox-slideshow=\"5ebe496\" href='http:\/\/cineclubecauim.ong.br\/wp\/wp-content\/uploads\/2019\/06\/EMEF-MARIA-INES-VIEIRA-MACHADO-26062019-TARDE0046.jpg'><img loading=\"lazy\" decoding=\"async\" width=\"250\" height=\"250\" src=\"http:\/\/cineclubecauim.ong.br\/wp\/wp-content\/uploads\/2019\/06\/EMEF-MARIA-INES-VIEIRA-MACHADO-26062019-TARDE0046-250x250.jpg\" alt=\"\" \/><\/a>\n\t\t\t<\/figure><figure class='gallery-item'>\n\t\t\t\t<a data-elementor-open-lightbox=\"default\" data-elementor-lightbox-slideshow=\"5ebe496\" href='http:\/\/cineclubecauim.ong.br\/wp\/wp-content\/uploads\/2019\/06\/EMEF-MARIA-INES-VIEIRA-MACHADO-26062019-TARDE0045.jpg'><img loading=\"lazy\" decoding=\"async\" width=\"250\" height=\"250\" src=\"http:\/\/cineclubecauim.ong.br\/wp\/wp-content\/uploads\/2019\/06\/EMEF-MARIA-INES-VIEIRA-MACHADO-26062019-TARDE0045-250x250.jpg\" alt=\"\" \/><\/a>\n\t\t\t<\/figure><figure class='gallery-item'>\n\t\t\t\t<a data-elementor-open-lightbox=\"default\" data-elementor-lightbox-slideshow=\"5ebe496\" href='http:\/\/cineclubecauim.ong.br\/wp\/wp-content\/uploads\/2019\/06\/EMEF-MARIA-INES-VIEIRA-MACHADO-26062019-TARDE0044.jpg'><img loading=\"lazy\" decoding=\"async\" width=\"250\" height=\"250\" src=\"http:\/\/cineclubecauim.ong.br\/wp\/wp-content\/uploads\/2019\/06\/EMEF-MARIA-INES-VIEIRA-MACHADO-26062019-TARDE0044-250x250.jpg\" alt=\"\" \/><\/a>\n\t\t\t<\/figure><figure class='gallery-item'>\n\t\t\t\t<a data-elementor-open-lightbox=\"default\" data-elementor-lightbox-slideshow=\"5ebe496\" href='http:\/\/cineclubecauim.ong.br\/wp\/wp-content\/uploads\/2019\/06\/EMEF-MARIA-INES-VIEIRA-MACHADO-26062019-TARDE0043.jpg'><img loading=\"lazy\" decoding=\"async\" width=\"250\" height=\"250\" src=\"http:\/\/cineclubecauim.ong.br\/wp\/wp-content\/uploads\/2019\/06\/EMEF-MARIA-INES-VIEIRA-MACHADO-26062019-TARDE0043-250x250.jpg\" alt=\"\" \/><\/a>\n\t\t\t<\/figure><figure class='gallery-item'>\n\t\t\t\t<a data-elementor-open-lightbox=\"default\" data-elementor-lightbox-slideshow=\"5ebe496\" href='http:\/\/cineclubecauim.ong.br\/wp\/wp-content\/uploads\/2019\/06\/EMEF-MARIA-INES-VIEIRA-MACHADO-26062019-TARDE0042.jpg'><img loading=\"lazy\" decoding=\"async\" width=\"250\" height=\"250\" src=\"http:\/\/cineclubecauim.ong.br\/wp\/wp-content\/uploads\/2019\/06\/EMEF-MARIA-INES-VIEIRA-MACHADO-26062019-TARDE0042-250x250.jpg\" alt=\"\" \/><\/a>\n\t\t\t<\/figure><figure class='gallery-item'>\n\t\t\t\t<a data-elementor-open-lightbox=\"default\" data-elementor-lightbox-slideshow=\"5ebe496\" href='http:\/\/cineclubecauim.ong.br\/wp\/wp-content\/uploads\/2019\/06\/EMEF-MARIA-INES-VIEIRA-MACHADO-26062019-TARDE0041.jpg'><img loading=\"lazy\" decoding=\"async\" width=\"250\" height=\"250\" src=\"http:\/\/cineclubecauim.ong.br\/wp\/wp-content\/uploads\/2019\/06\/EMEF-MARIA-INES-VIEIRA-MACHADO-26062019-TARDE0041-250x250.jpg\" alt=\"\" \/><\/a>\n\t\t\t<\/figure><figure class='gallery-item'>\n\t\t\t\t<a data-elementor-open-lightbox=\"default\" data-elementor-lightbox-slideshow=\"5ebe496\" href='http:\/\/cineclubecauim.ong.br\/wp\/wp-content\/uploads\/2019\/06\/EMEF-MARIA-INES-VIEIRA-MACHADO-26062019-TARDE0040.jpg'><img loading=\"lazy\" decoding=\"async\" width=\"250\" height=\"250\" src=\"http:\/\/cineclubecauim.ong.br\/wp\/wp-content\/uploads\/2019\/06\/EMEF-MARIA-INES-VIEIRA-MACHADO-26062019-TARDE0040-250x250.jpg\" alt=\"\" \/><\/a>\n\t\t\t<\/figure><figure class='gallery-item'>\n\t\t\t\t<a data-elementor-open-lightbox=\"default\" data-elementor-lightbox-slideshow=\"5ebe496\" href='http:\/\/cineclubecauim.ong.br\/wp\/wp-content\/uploads\/2019\/06\/EMEF-MARIA-INES-VIEIRA-MACHADO-26062019-TARDE0039.jpg'><img loading=\"lazy\" decoding=\"async\" width=\"250\" height=\"250\" src=\"http:\/\/cineclubecauim.ong.br\/wp\/wp-content\/uploads\/2019\/06\/EMEF-MARIA-INES-VIEIRA-MACHADO-26062019-TARDE0039-250x250.jpg\" alt=\"\" \/><\/a>\n\t\t\t<\/figure><figure class='gallery-item'>\n\t\t\t\t<a data-elementor-open-lightbox=\"default\" data-elementor-lightbox-slideshow=\"5ebe496\" href='http:\/\/cineclubecauim.ong.br\/wp\/wp-content\/uploads\/2019\/06\/EMEF-MARIA-INES-VIEIRA-MACHADO-26062019-TARDE0038.jpg'><img loading=\"lazy\" decoding=\"async\" width=\"250\" height=\"250\" src=\"http:\/\/cineclubecauim.ong.br\/wp\/wp-content\/uploads\/2019\/06\/EMEF-MARIA-INES-VIEIRA-MACHADO-26062019-TARDE0038-250x250.jpg\" alt=\"\" \/><\/a>\n\t\t\t<\/figure><figure class='gallery-item'>\n\t\t\t\t<a data-elementor-open-lightbox=\"default\" data-elementor-lightbox-slideshow=\"5ebe496\" href='http:\/\/cineclubecauim.ong.br\/wp\/wp-content\/uploads\/2019\/06\/EMEF-MARIA-INES-VIEIRA-MACHADO-26062019-TARDE0037.jpg'><img loading=\"lazy\" decoding=\"async\" width=\"250\" height=\"250\" src=\"http:\/\/cineclubecauim.ong.br\/wp\/wp-content\/uploads\/2019\/06\/EMEF-MARIA-INES-VIEIRA-MACHADO-26062019-TARDE0037-250x250.jpg\" alt=\"\" \/><\/a>\n\t\t\t<\/figure><figure class='gallery-item'>\n\t\t\t\t<a data-elementor-open-lightbox=\"default\" data-elementor-lightbox-slideshow=\"5ebe496\" href='http:\/\/cineclubecauim.ong.br\/wp\/wp-content\/uploads\/2019\/06\/EMEF-MARIA-INES-VIEIRA-MACHADO-26062019-TARDE0036.jpg'><img loading=\"lazy\" decoding=\"async\" width=\"250\" height=\"250\" src=\"http:\/\/cineclubecauim.ong.br\/wp\/wp-content\/uploads\/2019\/06\/EMEF-MARIA-INES-VIEIRA-MACHADO-26062019-TARDE0036-250x250.jpg\" alt=\"\" \/><\/a>\n\t\t\t<\/figure><figure class='gallery-item'>\n\t\t\t\t<a data-elementor-open-lightbox=\"default\" data-elementor-lightbox-slideshow=\"5ebe496\" href='http:\/\/cineclubecauim.ong.br\/wp\/wp-content\/uploads\/2019\/06\/EMEF-MARIA-INES-VIEIRA-MACHADO-26062019-TARDE0035.jpg'><img loading=\"lazy\" decoding=\"async\" width=\"250\" height=\"250\" src=\"http:\/\/cineclubecauim.ong.br\/wp\/wp-content\/uploads\/2019\/06\/EMEF-MARIA-INES-VIEIRA-MACHADO-26062019-TARDE0035-250x250.jpg\" alt=\"\" \/><\/a>\n\t\t\t<\/figure><figure class='gallery-item'>\n\t\t\t\t<a data-elementor-open-lightbox=\"default\" data-elementor-lightbox-slideshow=\"5ebe496\" href='http:\/\/cineclubecauim.ong.br\/wp\/wp-content\/uploads\/2019\/06\/EMEF-MARIA-INES-VIEIRA-MACHADO-26062019-TARDE0034.jpg'><img loading=\"lazy\" decoding=\"async\" width=\"250\" height=\"250\" src=\"http:\/\/cineclubecauim.ong.br\/wp\/wp-content\/uploads\/2019\/06\/EMEF-MARIA-INES-VIEIRA-MACHADO-26062019-TARDE0034-250x250.jpg\" alt=\"\" \/><\/a>\n\t\t\t<\/figure><figure class='gallery-item'>\n\t\t\t\t<a data-elementor-open-lightbox=\"default\" data-elementor-lightbox-slideshow=\"5ebe496\" href='http:\/\/cineclubecauim.ong.br\/wp\/wp-content\/uploads\/2019\/06\/EMEF-MARIA-INES-VIEIRA-MACHADO-26062019-TARDE0033.jpg'><img loading=\"lazy\" decoding=\"async\" width=\"250\" height=\"250\" src=\"http:\/\/cineclubecauim.ong.br\/wp\/wp-content\/uploads\/2019\/06\/EMEF-MARIA-INES-VIEIRA-MACHADO-26062019-TARDE0033-250x250.jpg\" alt=\"\" \/><\/a>\n\t\t\t<\/figure><figure class='gallery-item'>\n\t\t\t\t<a data-elementor-open-lightbox=\"default\" data-elementor-lightbox-slideshow=\"5ebe496\" href='http:\/\/cineclubecauim.ong.br\/wp\/wp-content\/uploads\/2019\/06\/EMEF-MARIA-INES-VIEIRA-MACHADO-26062019-TARDE0032.jpg'><img loading=\"lazy\" decoding=\"async\" width=\"250\" height=\"250\" src=\"http:\/\/cineclubecauim.ong.br\/wp\/wp-content\/uploads\/2019\/06\/EMEF-MARIA-INES-VIEIRA-MACHADO-26062019-TARDE0032-250x250.jpg\" alt=\"\" \/><\/a>\n\t\t\t<\/figure><figure class='gallery-item'>\n\t\t\t\t<a data-elementor-open-lightbox=\"default\" data-elementor-lightbox-slideshow=\"5ebe496\" href='http:\/\/cineclubecauim.ong.br\/wp\/wp-content\/uploads\/2019\/06\/EMEF-MARIA-INES-VIEIRA-MACHADO-26062019-TARDE0031.jpg'><img loading=\"lazy\" decoding=\"async\" width=\"250\" height=\"250\" src=\"http:\/\/cineclubecauim.ong.br\/wp\/wp-content\/uploads\/2019\/06\/EMEF-MARIA-INES-VIEIRA-MACHADO-26062019-TARDE0031-250x250.jpg\" alt=\"\" \/><\/a>\n\t\t\t<\/figure><figure class='gallery-item'>\n\t\t\t\t<a data-elementor-open-lightbox=\"default\" data-elementor-lightbox-slideshow=\"5ebe496\" href='http:\/\/cineclubecauim.ong.br\/wp\/wp-content\/uploads\/2019\/06\/EMEF-MARIA-INES-VIEIRA-MACHADO-26062019-TARDE0030.jpg'><img loading=\"lazy\" decoding=\"async\" width=\"250\" height=\"250\" src=\"http:\/\/cineclubecauim.ong.br\/wp\/wp-content\/uploads\/2019\/06\/EMEF-MARIA-INES-VIEIRA-MACHADO-26062019-TARDE0030-250x250.jpg\" alt=\"\" \/><\/a>\n\t\t\t<\/figure><figure class='gallery-item'>\n\t\t\t\t<a data-elementor-open-lightbox=\"default\" data-elementor-lightbox-slideshow=\"5ebe496\" href='http:\/\/cineclubecauim.ong.br\/wp\/wp-content\/uploads\/2019\/06\/EMEF-MARIA-INES-VIEIRA-MACHADO-26062019-TARDE0029.jpg'><img loading=\"lazy\" decoding=\"async\" width=\"250\" height=\"250\" src=\"http:\/\/cineclubecauim.ong.br\/wp\/wp-content\/uploads\/2019\/06\/EMEF-MARIA-INES-VIEIRA-MACHADO-26062019-TARDE0029-250x250.jpg\" alt=\"\" \/><\/a>\n\t\t\t<\/figure><figure class='gallery-item'>\n\t\t\t\t<a data-elementor-open-lightbox=\"default\" data-elementor-lightbox-slideshow=\"5ebe496\" href='http:\/\/cineclubecauim.ong.br\/wp\/wp-content\/uploads\/2019\/06\/EMEF-MARIA-INES-VIEIRA-MACHADO-26062019-TARDE0028.jpg'><img loading=\"lazy\" decoding=\"async\" width=\"250\" height=\"250\" src=\"http:\/\/cineclubecauim.ong.br\/wp\/wp-content\/uploads\/2019\/06\/EMEF-MARIA-INES-VIEIRA-MACHADO-26062019-TARDE0028-250x250.jpg\" alt=\"\" \/><\/a>\n\t\t\t<\/figure><figure class='gallery-item'>\n\t\t\t\t<a data-elementor-open-lightbox=\"default\" data-elementor-lightbox-slideshow=\"5ebe496\" href='http:\/\/cineclubecauim.ong.br\/wp\/wp-content\/uploads\/2019\/06\/EMEF-MARIA-INES-VIEIRA-MACHADO-26062019-TARDE0027.jpg'><img loading=\"lazy\" decoding=\"async\" width=\"250\" height=\"250\" src=\"http:\/\/cineclubecauim.ong.br\/wp\/wp-content\/uploads\/2019\/06\/EMEF-MARIA-INES-VIEIRA-MACHADO-26062019-TARDE0027-250x250.jpg\" alt=\"\" \/><\/a>\n\t\t\t<\/figure><figure class='gallery-item'>\n\t\t\t\t<a data-elementor-open-lightbox=\"default\" data-elementor-lightbox-slideshow=\"5ebe496\" href='http:\/\/cineclubecauim.ong.br\/wp\/wp-content\/uploads\/2019\/06\/EMEF-MARIA-INES-VIEIRA-MACHADO-26062019-TARDE0026.jpg'><img loading=\"lazy\" decoding=\"async\" width=\"250\" height=\"250\" src=\"http:\/\/cineclubecauim.ong.br\/wp\/wp-content\/uploads\/2019\/06\/EMEF-MARIA-INES-VIEIRA-MACHADO-26062019-TARDE0026-250x250.jpg\" alt=\"\" \/><\/a>\n\t\t\t<\/figure><figure class='gallery-item'>\n\t\t\t\t<a data-elementor-open-lightbox=\"default\" data-elementor-lightbox-slideshow=\"5ebe496\" href='http:\/\/cineclubecauim.ong.br\/wp\/wp-content\/uploads\/2019\/06\/EMEF-MARIA-INES-VIEIRA-MACHADO-26062019-TARDE0024.jpg'><img loading=\"lazy\" decoding=\"async\" width=\"250\" height=\"250\" src=\"http:\/\/cineclubecauim.ong.br\/wp\/wp-content\/uploads\/2019\/06\/EMEF-MARIA-INES-VIEIRA-MACHADO-26062019-TARDE0024-250x250.jpg\" alt=\"\" \/><\/a>\n\t\t\t<\/figure><figure class='gallery-item'>\n\t\t\t\t<a data-elementor-open-lightbox=\"default\" data-elementor-lightbox-slideshow=\"5ebe496\" href='http:\/\/cineclubecauim.ong.br\/wp\/wp-content\/uploads\/2019\/06\/EMEF-MARIA-INES-VIEIRA-MACHADO-26062019-TARDE0023.jpg'><img loading=\"lazy\" decoding=\"async\" width=\"250\" height=\"250\" src=\"http:\/\/cineclubecauim.ong.br\/wp\/wp-content\/uploads\/2019\/06\/EMEF-MARIA-INES-VIEIRA-MACHADO-26062019-TARDE0023-250x250.jpg\" alt=\"\" srcset=\"http:\/\/cineclubecauim.ong.br\/wp\/wp-content\/uploads\/2019\/06\/EMEF-MARIA-INES-VIEIRA-MACHADO-26062019-TARDE0023-250x250.jpg 250w, http:\/\/cineclubecauim.ong.br\/wp\/wp-content\/uploads\/2019\/06\/EMEF-MARIA-INES-VIEIRA-MACHADO-26062019-TARDE0023-500x500.jpg 500w, http:\/\/cineclubecauim.ong.br\/wp\/wp-content\/uploads\/2019\/06\/EMEF-MARIA-INES-VIEIRA-MACHADO-26062019-TARDE0023.jpg 653w\" sizes=\"(max-width: 250px) 100vw, 250px\" \/><\/a>\n\t\t\t<\/figure><figure class='gallery-item'>\n\t\t\t\t<a data-elementor-open-lightbox=\"default\" data-elementor-lightbox-slideshow=\"5ebe496\" href='http:\/\/cineclubecauim.ong.br\/wp\/wp-content\/uploads\/2019\/06\/EMEF-MARIA-INES-VIEIRA-MACHADO-26062019-TARDE0022.jpg'><img loading=\"lazy\" decoding=\"async\" width=\"250\" height=\"250\" src=\"http:\/\/cineclubecauim.ong.br\/wp\/wp-content\/uploads\/2019\/06\/EMEF-MARIA-INES-VIEIRA-MACHADO-26062019-TARDE0022-250x250.jpg\" alt=\"\" \/><\/a>\n\t\t\t<\/figure><figure class='gallery-item'>\n\t\t\t\t<a data-elementor-open-lightbox=\"default\" data-elementor-lightbox-slideshow=\"5ebe496\" href='http:\/\/cineclubecauim.ong.br\/wp\/wp-content\/uploads\/2019\/06\/EMEF-MARIA-INES-VIEIRA-MACHADO-26062019-TARDE0021.jpg'><img loading=\"lazy\" decoding=\"async\" width=\"250\" height=\"250\" src=\"http:\/\/cineclubecauim.ong.br\/wp\/wp-content\/uploads\/2019\/06\/EMEF-MARIA-INES-VIEIRA-MACHADO-26062019-TARDE0021-250x250.jpg\" alt=\"\" \/><\/a>\n\t\t\t<\/figure><figure class='gallery-item'>\n\t\t\t\t<a data-elementor-open-lightbox=\"default\" data-elementor-lightbox-slideshow=\"5ebe496\" href='http:\/\/cineclubecauim.ong.br\/wp\/wp-content\/uploads\/2019\/06\/EMEF-MARIA-INES-VIEIRA-MACHADO-26062019-TARDE0020.jpg'><img loading=\"lazy\" decoding=\"async\" width=\"250\" height=\"250\" src=\"http:\/\/cineclubecauim.ong.br\/wp\/wp-content\/uploads\/2019\/06\/EMEF-MARIA-INES-VIEIRA-MACHADO-26062019-TARDE0020-250x250.jpg\" alt=\"\" \/><\/a>\n\t\t\t<\/figure><figure class='gallery-item'>\n\t\t\t\t<a data-elementor-open-lightbox=\"default\" data-elementor-lightbox-slideshow=\"5ebe496\" href='http:\/\/cineclubecauim.ong.br\/wp\/wp-content\/uploads\/2019\/06\/EMEF-MARIA-INES-VIEIRA-MACHADO-26062019-TARDE0019.jpg'><img loading=\"lazy\" decoding=\"async\" width=\"250\" height=\"250\" src=\"http:\/\/cineclubecauim.ong.br\/wp\/wp-content\/uploads\/2019\/06\/EMEF-MARIA-INES-VIEIRA-MACHADO-26062019-TARDE0019-250x250.jpg\" alt=\"\" \/><\/a>\n\t\t\t<\/figure><figure class='gallery-item'>\n\t\t\t\t<a data-elementor-open-lightbox=\"default\" data-elementor-lightbox-slideshow=\"5ebe496\" href='http:\/\/cineclubecauim.ong.br\/wp\/wp-content\/uploads\/2019\/06\/EMEF-MARIA-INES-VIEIRA-MACHADO-26062019-TARDE0018.jpg'><img loading=\"lazy\" decoding=\"async\" width=\"250\" height=\"250\" src=\"http:\/\/cineclubecauim.ong.br\/wp\/wp-content\/uploads\/2019\/06\/EMEF-MARIA-INES-VIEIRA-MACHADO-26062019-TARDE0018-250x250.jpg\" alt=\"\" \/><\/a>\n\t\t\t<\/figure><figure class='gallery-item'>\n\t\t\t\t<a data-elementor-open-lightbox=\"default\" data-elementor-lightbox-slideshow=\"5ebe496\" href='http:\/\/cineclubecauim.ong.br\/wp\/wp-content\/uploads\/2019\/06\/EMEF-MARIA-INES-VIEIRA-MACHADO-26062019-TARDE0017.jpg'><img loading=\"lazy\" decoding=\"async\" width=\"250\" height=\"250\" src=\"http:\/\/cineclubecauim.ong.br\/wp\/wp-content\/uploads\/2019\/06\/EMEF-MARIA-INES-VIEIRA-MACHADO-26062019-TARDE0017-250x250.jpg\" alt=\"\" srcset=\"http:\/\/cineclubecauim.ong.br\/wp\/wp-content\/uploads\/2019\/06\/EMEF-MARIA-INES-VIEIRA-MACHADO-26062019-TARDE0017-250x250.jpg 250w, http:\/\/cineclubecauim.ong.br\/wp\/wp-content\/uploads\/2019\/06\/EMEF-MARIA-INES-VIEIRA-MACHADO-26062019-TARDE0017-500x500.jpg 500w, http:\/\/cineclubecauim.ong.br\/wp\/wp-content\/uploads\/2019\/06\/EMEF-MARIA-INES-VIEIRA-MACHADO-26062019-TARDE0017-768x768.jpg 768w, http:\/\/cineclubecauim.ong.br\/wp\/wp-content\/uploads\/2019\/06\/EMEF-MARIA-INES-VIEIRA-MACHADO-26062019-TARDE0017.jpg 816w\" sizes=\"(max-width: 250px) 100vw, 250px\" \/><\/a>\n\t\t\t<\/figure><figure class='gallery-item'>\n\t\t\t\t<a data-elementor-open-lightbox=\"default\" data-elementor-lightbox-slideshow=\"5ebe496\" href='http:\/\/cineclubecauim.ong.br\/wp\/wp-content\/uploads\/2019\/06\/EMEF-MARIA-INES-VIEIRA-MACHADO-26062019-TARDE0016.jpg'><img loading=\"lazy\" decoding=\"async\" width=\"250\" height=\"250\" src=\"http:\/\/cineclubecauim.ong.br\/wp\/wp-content\/uploads\/2019\/06\/EMEF-MARIA-INES-VIEIRA-MACHADO-26062019-TARDE0016-250x250.jpg\" alt=\"\" \/><\/a>\n\t\t\t<\/figure><figure class='gallery-item'>\n\t\t\t\t<a data-elementor-open-lightbox=\"default\" data-elementor-lightbox-slideshow=\"5ebe496\" href='http:\/\/cineclubecauim.ong.br\/wp\/wp-content\/uploads\/2019\/06\/EMEF-MARIA-INES-VIEIRA-MACHADO-26062019-TARDE0015.jpg'><img loading=\"lazy\" decoding=\"async\" width=\"250\" height=\"250\" src=\"http:\/\/cineclubecauim.ong.br\/wp\/wp-content\/uploads\/2019\/06\/EMEF-MARIA-INES-VIEIRA-MACHADO-26062019-TARDE0015-250x250.jpg\" alt=\"\" srcset=\"http:\/\/cineclubecauim.ong.br\/wp\/wp-content\/uploads\/2019\/06\/EMEF-MARIA-INES-VIEIRA-MACHADO-26062019-TARDE0015-250x250.jpg 250w, http:\/\/cineclubecauim.ong.br\/wp\/wp-content\/uploads\/2019\/06\/EMEF-MARIA-INES-VIEIRA-MACHADO-26062019-TARDE0015-500x500.jpg 500w, http:\/\/cineclubecauim.ong.br\/wp\/wp-content\/uploads\/2019\/06\/EMEF-MARIA-INES-VIEIRA-MACHADO-26062019-TARDE0015-768x768.jpg 768w, http:\/\/cineclubecauim.ong.br\/wp\/wp-content\/uploads\/2019\/06\/EMEF-MARIA-INES-VIEIRA-MACHADO-26062019-TARDE0015.jpg 816w\" sizes=\"(max-width: 250px) 100vw, 250px\" \/><\/a>\n\t\t\t<\/figure><figure class='gallery-item'>\n\t\t\t\t<a data-elementor-open-lightbox=\"default\" data-elementor-lightbox-slideshow=\"5ebe496\" href='http:\/\/cineclubecauim.ong.br\/wp\/wp-content\/uploads\/2019\/06\/EMEF-MARIA-INES-VIEIRA-MACHADO-26062019-TARDE0014.jpg'><img loading=\"lazy\" decoding=\"async\" width=\"250\" height=\"250\" src=\"http:\/\/cineclubecauim.ong.br\/wp\/wp-content\/uploads\/2019\/06\/EMEF-MARIA-INES-VIEIRA-MACHADO-26062019-TARDE0014-250x250.jpg\" alt=\"\" \/><\/a>\n\t\t\t<\/figure><figure class='gallery-item'>\n\t\t\t\t<a data-elementor-open-lightbox=\"default\" data-elementor-lightbox-slideshow=\"5ebe496\" href='http:\/\/cineclubecauim.ong.br\/wp\/wp-content\/uploads\/2019\/06\/EMEF-MARIA-INES-VIEIRA-MACHADO-26062019-TARDE0013.jpg'><img loading=\"lazy\" decoding=\"async\" width=\"250\" height=\"250\" src=\"http:\/\/cineclubecauim.ong.br\/wp\/wp-content\/uploads\/2019\/06\/EMEF-MARIA-INES-VIEIRA-MACHADO-26062019-TARDE0013-250x250.jpg\" alt=\"\" \/><\/a>\n\t\t\t<\/figure><figure class='gallery-item'>\n\t\t\t\t<a data-elementor-open-lightbox=\"default\" data-elementor-lightbox-slideshow=\"5ebe496\" href='http:\/\/cineclubecauim.ong.br\/wp\/wp-content\/uploads\/2019\/06\/EMEF-MARIA-INES-VIEIRA-MACHADO-26062019-TARDE0012.jpg'><img loading=\"lazy\" decoding=\"async\" width=\"250\" height=\"250\" src=\"http:\/\/cineclubecauim.ong.br\/wp\/wp-content\/uploads\/2019\/06\/EMEF-MARIA-INES-VIEIRA-MACHADO-26062019-TARDE0012-250x250.jpg\" alt=\"\" \/><\/a>\n\t\t\t<\/figure><figure class='gallery-item'>\n\t\t\t\t<a data-elementor-open-lightbox=\"default\" data-elementor-lightbox-slideshow=\"5ebe496\" href='http:\/\/cineclubecauim.ong.br\/wp\/wp-content\/uploads\/2019\/06\/EMEF-MARIA-INES-VIEIRA-MACHADO-26062019-TARDE0011.jpg'><img loading=\"lazy\" decoding=\"async\" width=\"250\" height=\"250\" src=\"http:\/\/cineclubecauim.ong.br\/wp\/wp-content\/uploads\/2019\/06\/EMEF-MARIA-INES-VIEIRA-MACHADO-26062019-TARDE0011-250x250.jpg\" alt=\"\" \/><\/a>\n\t\t\t<\/figure><figure class='gallery-item'>\n\t\t\t\t<a data-elementor-open-lightbox=\"default\" data-elementor-lightbox-slideshow=\"5ebe496\" href='http:\/\/cineclubecauim.ong.br\/wp\/wp-content\/uploads\/2019\/06\/EMEF-MARIA-INES-VIEIRA-MACHADO-26062019-TARDE0009.jpg'><img loading=\"lazy\" decoding=\"async\" width=\"250\" height=\"250\" src=\"http:\/\/cineclubecauim.ong.br\/wp\/wp-content\/uploads\/2019\/06\/EMEF-MARIA-INES-VIEIRA-MACHADO-26062019-TARDE0009-250x250.jpg\" alt=\"\" \/><\/a>\n\t\t\t<\/figure><figure class='gallery-item'>\n\t\t\t\t<a data-elementor-open-lightbox=\"default\" data-elementor-lightbox-slideshow=\"5ebe496\" href='http:\/\/cineclubecauim.ong.br\/wp\/wp-content\/uploads\/2019\/06\/EMEF-MARIA-INES-VIEIRA-MACHADO-26062019-TARDE0008.jpg'><img loading=\"lazy\" decoding=\"async\" width=\"250\" height=\"250\" src=\"http:\/\/cineclubecauim.ong.br\/wp\/wp-content\/uploads\/2019\/06\/EMEF-MARIA-INES-VIEIRA-MACHADO-26062019-TARDE0008-250x250.jpg\" alt=\"\" \/><\/a>\n\t\t\t<\/figure><figure class='gallery-item'>\n\t\t\t\t<a data-elementor-open-lightbox=\"default\" data-elementor-lightbox-slideshow=\"5ebe496\" href='http:\/\/cineclubecauim.ong.br\/wp\/wp-content\/uploads\/2019\/06\/EMEF-MARIA-INES-VIEIRA-MACHADO-26062019-TARDE0007.jpg'><img loading=\"lazy\" decoding=\"async\" width=\"250\" height=\"250\" src=\"http:\/\/cineclubecauim.ong.br\/wp\/wp-content\/uploads\/2019\/06\/EMEF-MARIA-INES-VIEIRA-MACHADO-26062019-TARDE0007-250x250.jpg\" alt=\"\" \/><\/a>\n\t\t\t<\/figure><figure class='gallery-item'>\n\t\t\t\t<a data-elementor-open-lightbox=\"default\" data-elementor-lightbox-slideshow=\"5ebe496\" href='http:\/\/cineclubecauim.ong.br\/wp\/wp-content\/uploads\/2019\/06\/EMEF-MARIA-INES-VIEIRA-MACHADO-26062019-TARDE0006.jpg'><img loading=\"lazy\" decoding=\"async\" width=\"250\" height=\"250\" src=\"http:\/\/cineclubecauim.ong.br\/wp\/wp-content\/uploads\/2019\/06\/EMEF-MARIA-INES-VIEIRA-MACHADO-26062019-TARDE0006-250x250.jpg\" alt=\"\" srcset=\"http:\/\/cineclubecauim.ong.br\/wp\/wp-content\/uploads\/2019\/06\/EMEF-MARIA-INES-VIEIRA-MACHADO-26062019-TARDE0006-250x250.jpg 250w, http:\/\/cineclubecauim.ong.br\/wp\/wp-content\/uploads\/2019\/06\/EMEF-MARIA-INES-VIEIRA-MACHADO-26062019-TARDE0006-500x500.jpg 500w, http:\/\/cineclubecauim.ong.br\/wp\/wp-content\/uploads\/2019\/06\/EMEF-MARIA-INES-VIEIRA-MACHADO-26062019-TARDE0006-768x768.jpg 768w, http:\/\/cineclubecauim.ong.br\/wp\/wp-content\/uploads\/2019\/06\/EMEF-MARIA-INES-VIEIRA-MACHADO-26062019-TARDE0006.jpg 816w\" sizes=\"(max-width: 250px) 100vw, 250px\" \/><\/a>\n\t\t\t<\/figure><figure class='gallery-item'>\n\t\t\t\t<a data-elementor-open-lightbox=\"default\" data-elementor-lightbox-slideshow=\"5ebe496\" href='http:\/\/cineclubecauim.ong.br\/wp\/wp-content\/uploads\/2019\/06\/EMEF-MARIA-INES-VIEIRA-MACHADO-26062019-TARDE0005.jpg'><img loading=\"lazy\" decoding=\"async\" width=\"250\" height=\"250\" src=\"http:\/\/cineclubecauim.ong.br\/wp\/wp-content\/uploads\/2019\/06\/EMEF-MARIA-INES-VIEIRA-MACHADO-26062019-TARDE0005-250x250.jpg\" alt=\"\" \/><\/a>\n\t\t\t<\/figure><figure class='gallery-item'>\n\t\t\t\t<a data-elementor-open-lightbox=\"default\" data-elementor-lightbox-slideshow=\"5ebe496\" href='http:\/\/cineclubecauim.ong.br\/wp\/wp-content\/uploads\/2019\/06\/EMEF-MARIA-INES-VIEIRA-MACHADO-26062019-TARDE0004.jpg'><img loading=\"lazy\" decoding=\"async\" width=\"250\" height=\"250\" src=\"http:\/\/cineclubecauim.ong.br\/wp\/wp-content\/uploads\/2019\/06\/EMEF-MARIA-INES-VIEIRA-MACHADO-26062019-TARDE0004-250x250.jpg\" alt=\"\" \/><\/a>\n\t\t\t<\/figure><figure class='gallery-item'>\n\t\t\t\t<a data-elementor-open-lightbox=\"default\" data-elementor-lightbox-slideshow=\"5ebe496\" href='http:\/\/cineclubecauim.ong.br\/wp\/wp-content\/uploads\/2019\/06\/EMEF-MARIA-INES-VIEIRA-MACHADO-26062019-TARDE0002.jpg'><img loading=\"lazy\" decoding=\"async\" width=\"250\" height=\"250\" src=\"http:\/\/cineclubecauim.ong.br\/wp\/wp-content\/uploads\/2019\/06\/EMEF-MARIA-INES-VIEIRA-MACHADO-26062019-TARDE0002-250x250.jpg\" alt=\"\" \/><\/a>\n\t\t\t<\/figure>\n\t\t\t<h2>Vid\u00e9o<\/h2>\n\t\t\t<iframe src=\"https:\/\/www.facebook.com\/plugins\/video.php?href=https%3A%2F%2Fwww.facebook.com%2FCineClubeCauim%2Fvideos%2F656561534860418%2F&#038;show_text=0&#038;width=560\" width=\"560\" height=\"450\" style=\"border:none;overflow:hidden\" scrolling=\"no\" frameborder=\"0\" allowtransparency=\"true\" allowfullscreen=\"true\"><\/iframe>","protected":false},"excerpt":{"rendered":"<p>Alunos e professoras da EMEF Professora Maria In\u00eas Machado Vieira estiveram na [&hellip;]<\/p>\n","protected":false},"author":1,"featured_media":2787,"comment_status":"open","ping_status":"open","sticky":false,"template":"","format":"standard","meta":{"_acf_changed":false,"footnotes":""},"categories":[6,25],"tags":[],"class_list":["post-2822","post","type-post","status-publish","format-standard","has-post-thumbnail","hentry","category-video-projeto","category-videos"],"acf":[],"yoast_head":"<!-- This site is optimized with the Yoast SEO plugin v21.4 - https:\/\/yoast.com\/wordpress\/plugins\/seo\/ -->\n<title>EMEF Prof\u00aa Maria In\u00eas Machado Vieira - 26 de junho de 2019 - tarde - com galeria de fotos e v\u00eddeo - Cine Clube Cauim<\/title>\n<meta name=\"robots\" content=\"index, follow, max-snippet:-1, max-image-preview:large, max-video-preview:-1\" \/>\n<link rel=\"canonical\" href=\"https:\/\/cauim.org\/fr\/emef-profa-maria-ines-machado-vieira-26-de-junho-de-2019-tarde-com-galeria-de-fotos-e-video\/\" \/>\n<meta property=\"og:locale\" content=\"fr_FR\" \/>\n<meta property=\"og:type\" content=\"article\" \/>\n<meta property=\"og:title\" content=\"EMEF Prof\u00aa Maria In\u00eas Machado Vieira - 26 de junho de 2019 - tarde - com galeria de fotos e v\u00eddeo - Cine Clube Cauim\" \/>\n<meta property=\"og:description\" content=\"Alunos e professoras da EMEF Professora Maria In\u00eas Machado Vieira estiveram na [&hellip;]\" \/>\n<meta property=\"og:url\" content=\"https:\/\/cauim.org\/fr\/emef-profa-maria-ines-machado-vieira-26-de-junho-de-2019-tarde-com-galeria-de-fotos-e-video\/\" \/>\n<meta property=\"og:site_name\" content=\"Cine Clube Cauim\" \/>\n<meta property=\"article:published_time\" content=\"2019-06-26T20:11:59+00:00\" \/>\n<meta name=\"author\" content=\"cineclubecauim\" \/>\n<meta name=\"twitter:card\" content=\"summary_large_image\" \/>\n<meta name=\"twitter:label1\" content=\"Written by\" \/>\n\t<meta name=\"twitter:data1\" content=\"cineclubecauim\" \/>\n<script type=\"application\/ld+json\" class=\"yoast-schema-graph\">{\"@context\":\"https:\/\/schema.org\",\"@graph\":[{\"@type\":\"Article\",\"@id\":\"https:\/\/cauim.org\/emef-profa-maria-ines-machado-vieira-26-de-junho-de-2019-tarde-com-galeria-de-fotos-e-video\/#article\",\"isPartOf\":{\"@id\":\"https:\/\/cauim.org\/emef-profa-maria-ines-machado-vieira-26-de-junho-de-2019-tarde-com-galeria-de-fotos-e-video\/\"},\"author\":{\"name\":\"cineclubecauim\",\"@id\":\"https:\/\/cauim.org\/#\/schema\/person\/f9d1302f9ba02c89397bdfbbe0be44de\"},\"headline\":\"EMEF Prof\u00aa Maria In\u00eas Machado Vieira &#8211; 26 de junho de 2019 &#8211; tarde &#8211; com galeria de fotos e v\u00eddeo\",\"datePublished\":\"2019-06-26T20:11:59+00:00\",\"dateModified\":\"2019-06-26T20:11:59+00:00\",\"mainEntityOfPage\":{\"@id\":\"https:\/\/cauim.org\/emef-profa-maria-ines-machado-vieira-26-de-junho-de-2019-tarde-com-galeria-de-fotos-e-video\/\"},\"wordCount\":57,\"commentCount\":116,\"publisher\":{\"@id\":\"https:\/\/cauim.org\/#organization\"},\"articleSection\":[\"Videos de projetos\",\"V\u00eddeos do Cauim\"],\"inLanguage\":\"fr-FR\",\"potentialAction\":[{\"@type\":\"CommentAction\",\"name\":\"Comment\",\"target\":[\"https:\/\/cauim.org\/emef-profa-maria-ines-machado-vieira-26-de-junho-de-2019-tarde-com-galeria-de-fotos-e-video\/#respond\"]}]},{\"@type\":\"WebPage\",\"@id\":\"https:\/\/cauim.org\/emef-profa-maria-ines-machado-vieira-26-de-junho-de-2019-tarde-com-galeria-de-fotos-e-video\/\",\"url\":\"https:\/\/cauim.org\/emef-profa-maria-ines-machado-vieira-26-de-junho-de-2019-tarde-com-galeria-de-fotos-e-video\/\",\"name\":\"EMEF Prof\u00aa Maria In\u00eas Machado Vieira - 26 de junho de 2019 - tarde - com galeria de fotos e v\u00eddeo - Cine Clube Cauim\",\"isPartOf\":{\"@id\":\"https:\/\/cauim.org\/#website\"},\"datePublished\":\"2019-06-26T20:11:59+00:00\",\"dateModified\":\"2019-06-26T20:11:59+00:00\",\"breadcrumb\":{\"@id\":\"https:\/\/cauim.org\/emef-profa-maria-ines-machado-vieira-26-de-junho-de-2019-tarde-com-galeria-de-fotos-e-video\/#breadcrumb\"},\"inLanguage\":\"fr-FR\",\"potentialAction\":[{\"@type\":\"ReadAction\",\"target\":[\"https:\/\/cauim.org\/emef-profa-maria-ines-machado-vieira-26-de-junho-de-2019-tarde-com-galeria-de-fotos-e-video\/\"]}]},{\"@type\":\"BreadcrumbList\",\"@id\":\"https:\/\/cauim.org\/emef-profa-maria-ines-machado-vieira-26-de-junho-de-2019-tarde-com-galeria-de-fotos-e-video\/#breadcrumb\",\"itemListElement\":[{\"@type\":\"ListItem\",\"position\":1,\"name\":\"In\u00edcio\",\"item\":\"https:\/\/cauim.org\/\"},{\"@type\":\"ListItem\",\"position\":2,\"name\":\"EMEF Prof\u00aa Maria In\u00eas Machado Vieira &#8211; 26 de junho de 2019 &#8211; tarde &#8211; com galeria de fotos e v\u00eddeo\"}]},{\"@type\":\"WebSite\",\"@id\":\"https:\/\/cauim.org\/#website\",\"url\":\"https:\/\/cauim.org\/\",\"name\":\"Cine Clube Cauim\",\"description\":\"\",\"publisher\":{\"@id\":\"https:\/\/cauim.org\/#organization\"},\"potentialAction\":[{\"@type\":\"SearchAction\",\"target\":{\"@type\":\"EntryPoint\",\"urlTemplate\":\"https:\/\/cauim.org\/?s={search_term_string}\"},\"query-input\":\"required name=search_term_string\"}],\"inLanguage\":\"fr-FR\"},{\"@type\":\"Organization\",\"@id\":\"https:\/\/cauim.org\/#organization\",\"name\":\"Cine Clube Cauim\",\"url\":\"https:\/\/cauim.org\/\",\"logo\":{\"@type\":\"ImageObject\",\"inLanguage\":\"fr-FR\",\"@id\":\"https:\/\/cauim.org\/#\/schema\/logo\/image\/\",\"url\":\"https:\/\/cauim.org\/wp-content\/uploads\/2023\/06\/cauim-roxo.png\",\"contentUrl\":\"https:\/\/cauim.org\/wp-content\/uploads\/2023\/06\/cauim-roxo.png\",\"width\":596,\"height\":161,\"caption\":\"Cine Clube Cauim\"},\"image\":{\"@id\":\"https:\/\/cauim.org\/#\/schema\/logo\/image\/\"},\"sameAs\":[\"https:\/\/www.instagram.com\/cauimoficial\/\"]},{\"@type\":\"Person\",\"@id\":\"https:\/\/cauim.org\/#\/schema\/person\/f9d1302f9ba02c89397bdfbbe0be44de\",\"name\":\"cineclubecauim\",\"sameAs\":[\"http:\/\/cauim.org\"],\"url\":\"https:\/\/cauim.org\/fr\/author\/cineclubecauim\/\"}]}<\/script>\n<!-- \/ Yoast SEO plugin. -->","yoast_head_json":{"title":"EMEF Prof\u00aa Maria In\u00eas Machado Vieira - 26 de junho de 2019 - tarde - com galeria de fotos e v\u00eddeo - Cine Clube Cauim","robots":{"index":"index","follow":"follow","max-snippet":"max-snippet:-1","max-image-preview":"max-image-preview:large","max-video-preview":"max-video-preview:-1"},"canonical":"https:\/\/cauim.org\/fr\/emef-profa-maria-ines-machado-vieira-26-de-junho-de-2019-tarde-com-galeria-de-fotos-e-video\/","og_locale":"fr_FR","og_type":"article","og_title":"EMEF Prof\u00aa Maria In\u00eas Machado Vieira - 26 de junho de 2019 - tarde - com galeria de fotos e v\u00eddeo - Cine Clube Cauim","og_description":"Alunos e professoras da EMEF Professora Maria In\u00eas Machado Vieira estiveram na [&hellip;]","og_url":"https:\/\/cauim.org\/fr\/emef-profa-maria-ines-machado-vieira-26-de-junho-de-2019-tarde-com-galeria-de-fotos-e-video\/","og_site_name":"Cine Clube Cauim","article_published_time":"2019-06-26T20:11:59+00:00","author":"cineclubecauim","twitter_card":"summary_large_image","twitter_misc":{"Written by":"cineclubecauim"},"schema":{"@context":"https:\/\/schema.org","@graph":[{"@type":"Article","@id":"https:\/\/cauim.org\/emef-profa-maria-ines-machado-vieira-26-de-junho-de-2019-tarde-com-galeria-de-fotos-e-video\/#article","isPartOf":{"@id":"https:\/\/cauim.org\/emef-profa-maria-ines-machado-vieira-26-de-junho-de-2019-tarde-com-galeria-de-fotos-e-video\/"},"author":{"name":"cineclubecauim","@id":"https:\/\/cauim.org\/#\/schema\/person\/f9d1302f9ba02c89397bdfbbe0be44de"},"headline":"EMEF Prof\u00aa Maria In\u00eas Machado Vieira &#8211; 26 de junho de 2019 &#8211; tarde &#8211; com galeria de fotos e v\u00eddeo","datePublished":"2019-06-26T20:11:59+00:00","dateModified":"2019-06-26T20:11:59+00:00","mainEntityOfPage":{"@id":"https:\/\/cauim.org\/emef-profa-maria-ines-machado-vieira-26-de-junho-de-2019-tarde-com-galeria-de-fotos-e-video\/"},"wordCount":57,"commentCount":116,"publisher":{"@id":"https:\/\/cauim.org\/#organization"},"articleSection":["Videos de projetos","V\u00eddeos do Cauim"],"inLanguage":"fr-FR","potentialAction":[{"@type":"CommentAction","name":"Comment","target":["https:\/\/cauim.org\/emef-profa-maria-ines-machado-vieira-26-de-junho-de-2019-tarde-com-galeria-de-fotos-e-video\/#respond"]}]},{"@type":"WebPage","@id":"https:\/\/cauim.org\/emef-profa-maria-ines-machado-vieira-26-de-junho-de-2019-tarde-com-galeria-de-fotos-e-video\/","url":"https:\/\/cauim.org\/emef-profa-maria-ines-machado-vieira-26-de-junho-de-2019-tarde-com-galeria-de-fotos-e-video\/","name":"EMEF Prof\u00aa Maria In\u00eas Machado Vieira - 26 de junho de 2019 - tarde - com galeria de fotos e v\u00eddeo - Cine Clube Cauim","isPartOf":{"@id":"https:\/\/cauim.org\/#website"},"datePublished":"2019-06-26T20:11:59+00:00","dateModified":"2019-06-26T20:11:59+00:00","breadcrumb":{"@id":"https:\/\/cauim.org\/emef-profa-maria-ines-machado-vieira-26-de-junho-de-2019-tarde-com-galeria-de-fotos-e-video\/#breadcrumb"},"inLanguage":"fr-FR","potentialAction":[{"@type":"ReadAction","target":["https:\/\/cauim.org\/emef-profa-maria-ines-machado-vieira-26-de-junho-de-2019-tarde-com-galeria-de-fotos-e-video\/"]}]},{"@type":"BreadcrumbList","@id":"https:\/\/cauim.org\/emef-profa-maria-ines-machado-vieira-26-de-junho-de-2019-tarde-com-galeria-de-fotos-e-video\/#breadcrumb","itemListElement":[{"@type":"ListItem","position":1,"name":"In\u00edcio","item":"https:\/\/cauim.org\/"},{"@type":"ListItem","position":2,"name":"EMEF Prof\u00aa Maria In\u00eas Machado Vieira &#8211; 26 de junho de 2019 &#8211; tarde &#8211; com galeria de fotos e v\u00eddeo"}]},{"@type":"WebSite","@id":"https:\/\/cauim.org\/#website","url":"https:\/\/cauim.org\/","name":"Cin\u00e9-club Cauim","description":"","publisher":{"@id":"https:\/\/cauim.org\/#organization"},"potentialAction":[{"@type":"SearchAction","target":{"@type":"EntryPoint","urlTemplate":"https:\/\/cauim.org\/?s={search_term_string}"},"query-input":"required name=search_term_string"}],"inLanguage":"fr-FR"},{"@type":"Organization","@id":"https:\/\/cauim.org\/#organization","name":"Cin\u00e9-club Cauim","url":"https:\/\/cauim.org\/","logo":{"@type":"ImageObject","inLanguage":"fr-FR","@id":"https:\/\/cauim.org\/#\/schema\/logo\/image\/","url":"https:\/\/cauim.org\/wp-content\/uploads\/2023\/06\/cauim-roxo.png","contentUrl":"https:\/\/cauim.org\/wp-content\/uploads\/2023\/06\/cauim-roxo.png","width":596,"height":161,"caption":"Cine Clube Cauim"},"image":{"@id":"https:\/\/cauim.org\/#\/schema\/logo\/image\/"},"sameAs":["https:\/\/www.instagram.com\/cauimoficial\/"]},{"@type":"Person","@id":"https:\/\/cauim.org\/#\/schema\/person\/f9d1302f9ba02c89397bdfbbe0be44de","name":"cineclubecauim","sameAs":["http:\/\/cauim.org"],"url":"https:\/\/cauim.org\/fr\/author\/cineclubecauim\/"}]}},"_links":{"self":[{"href":"https:\/\/cauim.org\/fr\/wp-json\/wp\/v2\/posts\/2822","targetHints":{"allow":["GET"]}}],"collection":[{"href":"https:\/\/cauim.org\/fr\/wp-json\/wp\/v2\/posts"}],"about":[{"href":"https:\/\/cauim.org\/fr\/wp-json\/wp\/v2\/types\/post"}],"author":[{"embeddable":true,"href":"https:\/\/cauim.org\/fr\/wp-json\/wp\/v2\/users\/1"}],"replies":[{"embeddable":true,"href":"https:\/\/cauim.org\/fr\/wp-json\/wp\/v2\/comments?post=2822"}],"version-history":[{"count":0,"href":"https:\/\/cauim.org\/fr\/wp-json\/wp\/v2\/posts\/2822\/revisions"}],"wp:featuredmedia":[{"embeddable":true,"href":"https:\/\/cauim.org\/fr\/wp-json\/"}],"wp:attachment":[{"href":"https:\/\/cauim.org\/fr\/wp-json\/wp\/v2\/media?parent=2822"}],"wp:term":[{"taxonomy":"category","embeddable":true,"href":"https:\/\/cauim.org\/fr\/wp-json\/wp\/v2\/categories?post=2822"},{"taxonomy":"post_tag","embeddable":true,"href":"https:\/\/cauim.org\/fr\/wp-json\/wp\/v2\/tags?post=2822"}],"curies":[{"name":"wp","href":"https:\/\/api.w.org\/{rel}","templated":true}]}}