{"id":13062,"date":"2026-09-01T10:13:23","date_gmt":"2026-09-01T13:13:23","guid":{"rendered":"https:\/\/cauim.org\/?p=13062"},"modified":"2026-09-01T12:57:34","modified_gmt":"2026-09-01T15:57:34","slug":"mostra-audiovisual-programacao-de-setembro-de-2026","status":"publish","type":"post","link":"https:\/\/cauim.org\/fr\/mostra-audiovisual-programacao-de-setembro-de-2026\/","title":{"rendered":"MOSTRA AUDIOVISUAL          PROGRAMA\u00c7\u00c3O DE SETEMBRO DE 2026"},"content":{"rendered":"<div data-elementor-type=\"wp-post\" data-elementor-id=\"13062\" class=\"elementor elementor-13062\" data-elementor-post-type=\"post\">\n\t\t\t\t\t\t<section class=\"elementor-section elementor-top-section elementor-element elementor-element-472e570f elementor-section-boxed elementor-section-height-default elementor-section-height-default\" data-id=\"472e570f\" data-element_type=\"section\">\n\t\t\t\t\t\t<div class=\"elementor-container elementor-column-gap-default\">\n\t\t\t\t\t<div class=\"elementor-column elementor-col-100 elementor-top-column elementor-element elementor-element-73b4e4cf\" data-id=\"73b4e4cf\" data-element_type=\"column\">\n\t\t\t<div class=\"elementor-widget-wrap elementor-element-populated\">\n\t\t\t\t\t\t<div class=\"elementor-element elementor-element-5af40c66 elementor-widget elementor-widget-text-editor\" data-id=\"5af40c66\" data-element_type=\"widget\" data-widget_type=\"text-editor.default\">\n\t\t\t\t<div class=\"elementor-widget-container\">\n\t\t\t\t\t\t\t\t\t\n<p>A <strong>Mostra Audiovisual<\/strong> \u00e9 uma atividade aberta \u00e0 popula\u00e7\u00e3o de <strong>Ribeir\u00e3o Preto e regi\u00e3o<\/strong>, com acesso gratuito e programa\u00e7\u00e3o voltada \u00e0 difus\u00e3o da cultura cinematogr\u00e1fica. As sess\u00f5es apresentam uma sele\u00e7\u00e3o diversificada de <strong>produ\u00e7\u00f5es brasileiras e internacionais<\/strong>, contemplando diferentes g\u00eaneros, estilos, \u00e9pocas e tem\u00e1ticas. A iniciativa busca democratizar o acesso ao audiovisual, promover a forma\u00e7\u00e3o de p\u00fablico, incentivar o di\u00e1logo entre diferentes culturas e proporcionar experi\u00eancias que estimulem a reflex\u00e3o, a valoriza\u00e7\u00e3o da diversidade cultural e o fortalecimento do cinema como instrumento de educa\u00e7\u00e3o, entretenimento e inclus\u00e3o social.<\/p>\n\n<p>A seguir, a <strong>PROGRAMA\u00c7\u00c3O<\/strong> completa do m\u00eas de setembro.<\/p>\n\n<p><strong>1\u00ba\/09\/2026 \u2013 19 horas<\/strong><\/p>\n\n<p><strong><em>N\u00e3o Sei Viver Sem Palavras<\/em> <\/strong>(Brasil, 2025, 81 minutos)<\/p>\n\n<p><strong>Direction: <\/strong>Andr\u00e9 Brand\u00e3o<\/p>\n\n<p><strong>Synopsis:<\/strong> \u00c9 um document\u00e1rio que presta homenagem \u00e0 vida e \u00e0 obra do escritor e jornalista Ign\u00e1cio de Loyola Brand\u00e3o, membro da Academia Brasileira de Letras e autor de t\u00edtulos como <em>Depois do Sol<\/em> (1965) e <em>Zero<\/em> (1974).<\/p>\n\n<p><strong>O filme tem classifica\u00e7\u00e3o indicativa livre.<\/strong><\/p>\n\n<p><strong>Observa\u00e7\u00e3o: Ap\u00f3s a exibi\u00e7\u00e3o do filme, haver\u00e1 um bate-papo com Ign\u00e1cio de Loyola Brand\u00e3o e Andr\u00e9 Brand\u00e3o.<\/strong><\/p>\n\n<figure class=\"wp-block-image size-large\"><img fetchpriority=\"high\" decoding=\"async\" width=\"1024\" height=\"550\" class=\"wp-image-13076\" src=\"https:\/\/cauim.org\/wp-content\/uploads\/2026\/09\/1-1024x550.jpg\" alt=\"\" srcset=\"https:\/\/cauim.org\/wp-content\/uploads\/2026\/09\/1-1024x550.jpg 1024w, https:\/\/cauim.org\/wp-content\/uploads\/2026\/09\/1-300x161.jpg 300w, https:\/\/cauim.org\/wp-content\/uploads\/2026\/09\/1-768x412.jpg 768w, https:\/\/cauim.org\/wp-content\/uploads\/2026\/09\/1-1536x825.jpg 1536w, https:\/\/cauim.org\/wp-content\/uploads\/2026\/09\/1-2048x1100.jpg 2048w, https:\/\/cauim.org\/wp-content\/uploads\/2026\/09\/1-18x10.jpg 18w, https:\/\/cauim.org\/wp-content\/uploads\/2026\/09\/1-650x349.jpg 650w, https:\/\/cauim.org\/wp-content\/uploads\/2026\/09\/1-1320x709.jpg 1320w\" sizes=\"(max-width: 1024px) 100vw, 1024px\" \/>\n<figcaption class=\"wp-element-caption\"><\/figcaption>\n<em>O escritor Ign\u00e1cio de Loyola Brand\u00e3o.<\/em><\/figure>\n\n<p><strong>02\/09\/2026 \u2013 16h30<\/strong><\/p>\n\n<p><strong><em>Vidas Secas<\/em><\/strong> (Brasil, 1963, 103 minutos)<\/p>\n\n<p><strong>Direction:<\/strong> Nelson Pereira dos Santos<\/p>\n\n<p><strong>Casting:<\/strong> \u00c1tila I\u00f3rio, Maria Ribeiro, Jofre Soares, Genivaldo Lima, Gilvan Lima, Orlando Macedo, Pedro Santos, Maria Rosa, a cadela Baleia<\/p>\n\n<p><strong>Synopsis:<\/strong> O filme mostra a jornada de uma fam\u00edlia de retirantes \u2013 Fabiano, Sinh\u00e1 Vit\u00f3ria, os dois filhos e a cachorra Baleia \u2013 que foge da seca avassaladora no sert\u00e3o nordestino em busca de sobreviv\u00eancia e dignidade.<\/p>\n\n<p><em>Vidas Secas<\/em>, integrante da primeira fase do Cinema Novo, \u00e9 baseado no romance hom\u00f4nimo de Graciliano Ramos (1892-1953).<\/p>\n\n<p><strong>O filme tem<\/strong> <strong>classifica\u00e7\u00e3o indicativa livre<\/strong>.<\/p>\n\n<figure class=\"wp-block-image size-large\"><img decoding=\"async\" width=\"1024\" height=\"683\" class=\"wp-image-13075\" src=\"https:\/\/cauim.org\/wp-content\/uploads\/2026\/09\/2-1024x683.jpg\" alt=\"\" srcset=\"https:\/\/cauim.org\/wp-content\/uploads\/2026\/09\/2-1024x683.jpg 1024w, https:\/\/cauim.org\/wp-content\/uploads\/2026\/09\/2-300x200.jpg 300w, https:\/\/cauim.org\/wp-content\/uploads\/2026\/09\/2-768x512.jpg 768w, https:\/\/cauim.org\/wp-content\/uploads\/2026\/09\/2-18x12.jpg 18w, https:\/\/cauim.org\/wp-content\/uploads\/2026\/09\/2-650x433.jpg 650w, https:\/\/cauim.org\/wp-content\/uploads\/2026\/09\/2.jpg 1170w\" sizes=\"(max-width: 1024px) 100vw, 1024px\" \/><\/figure>\n\n<p><em>\u00c1tila I\u00f3rio, numa cena de <\/em>Vidas Secas.<\/p>\n\n<p><strong>03\/09\/2026 \u2013 19 horas<\/strong><\/p>\n\n<p><strong><em>Cadernos Negros<\/em> <\/strong>(Brasil, 2025, 73 minutos)<\/p>\n\n<p><strong>Direction: <\/strong>Joel Zito Ara\u00fajo<\/p>\n\n<p><strong>Synopsis: <\/strong>Conta a hist\u00f3ria da publica\u00e7\u00e3o que h\u00e1 d\u00e9cadas re\u00fane escritores negros e se consolidou como um importante espa\u00e7o de valoriza\u00e7\u00e3o da literatura afro-brasileira.<\/p>\n\n<p><strong>O filme tem classifica\u00e7\u00e3o indicativa livre.<\/strong><\/p>\n\n<p><strong>Observa\u00e7\u00e3o: Ap\u00f3s a sess\u00e3o, haver\u00e1 uma conversa sobre o filme.<\/strong><\/p>\n\n<figure class=\"wp-block-image size-large\"><img decoding=\"async\" width=\"1024\" height=\"500\" class=\"wp-image-13074\" src=\"https:\/\/cauim.org\/wp-content\/uploads\/2026\/09\/11937-large-1024x500.jpg\" alt=\"\" srcset=\"https:\/\/cauim.org\/wp-content\/uploads\/2026\/09\/11937-large-1024x500.jpg 1024w, https:\/\/cauim.org\/wp-content\/uploads\/2026\/09\/11937-large-300x146.jpg 300w, https:\/\/cauim.org\/wp-content\/uploads\/2026\/09\/11937-large-768x375.jpg 768w, https:\/\/cauim.org\/wp-content\/uploads\/2026\/09\/11937-large-1536x750.jpg 1536w, https:\/\/cauim.org\/wp-content\/uploads\/2026\/09\/11937-large-18x9.jpg 18w, https:\/\/cauim.org\/wp-content\/uploads\/2026\/09\/11937-large-650x317.jpg 650w, https:\/\/cauim.org\/wp-content\/uploads\/2026\/09\/11937-large-1320x644.jpg 1320w, https:\/\/cauim.org\/wp-content\/uploads\/2026\/09\/11937-large.jpg 2000w\" sizes=\"(max-width: 1024px) 100vw, 1024px\" \/><\/figure>\n\n<p><em>Uma imagem do filme<\/em> Cadernos Negros<em>.<\/em><\/p>\n\n<p><strong>04\/09\/2026 \u2013 19 horas<\/strong><\/p>\n\n<p><strong><em>Sabotage: Maestro do Can\u00e3o <\/em><\/strong>(Brasil, 2015, 110 minutos)<\/p>\n\n<p><strong>Direction:<\/strong> Ivan 13P<\/p>\n\n<p><strong>Casting:<\/strong> Sabotage, Paulo Miklos, H\u00e9ctor Babenco, Sandr\u00e3o, Jo\u00e3o Gordo, Beto Brant, Tha\u00edde<\/p>\n\n<p><strong>Synopsis:<\/strong> Mauro Mateus dos Santos ficou conhecido no Brasil atrav\u00e9s de outro nome: Sabotage. Crescendo em meio \u00e0 pobreza de S\u00e3o Paulo, o homem, com singularidade musical, encontrou no <em>Rap<\/em> espa\u00e7o para se expressar. Neste document\u00e1rio, com depoimentos de artistas e cenas de arquivo da vida do <em>rappeur<\/em>, ele fala, de forma aberta e espont\u00e2nea, sobre a inf\u00e2ncia, a desigualdade, o descaso, a solidariedade, o passado e o futuro. O filme \u00e9 o retrato de um m\u00fasico que se tornou lenda ap\u00f3s sua morte, e ainda \u00e9 um dos nomes mais importantes do <em>Rap<\/em> nacional<em>.<\/em><\/p>\n\n<p><strong>O filme tem<\/strong> <strong>classifica\u00e7\u00e3o indicativa de 14 anos<\/strong>.<\/p>\n\n<figure class=\"wp-block-image size-large\"><img loading=\"lazy\" decoding=\"async\" width=\"1024\" height=\"488\" class=\"wp-image-13073\" src=\"https:\/\/cauim.org\/wp-content\/uploads\/2026\/09\/caneca-sabotage-o-maestro-do-canao-1024x488.jpg\" alt=\"\" srcset=\"https:\/\/cauim.org\/wp-content\/uploads\/2026\/09\/caneca-sabotage-o-maestro-do-canao-1024x488.jpg 1024w, https:\/\/cauim.org\/wp-content\/uploads\/2026\/09\/caneca-sabotage-o-maestro-do-canao-300x143.jpg 300w, https:\/\/cauim.org\/wp-content\/uploads\/2026\/09\/caneca-sabotage-o-maestro-do-canao-768x366.jpg 768w, https:\/\/cauim.org\/wp-content\/uploads\/2026\/09\/caneca-sabotage-o-maestro-do-canao-1536x731.jpg 1536w, https:\/\/cauim.org\/wp-content\/uploads\/2026\/09\/caneca-sabotage-o-maestro-do-canao-2048x975.jpg 2048w, https:\/\/cauim.org\/wp-content\/uploads\/2026\/09\/caneca-sabotage-o-maestro-do-canao-18x9.jpg 18w, https:\/\/cauim.org\/wp-content\/uploads\/2026\/09\/caneca-sabotage-o-maestro-do-canao-650x310.jpg 650w, https:\/\/cauim.org\/wp-content\/uploads\/2026\/09\/caneca-sabotage-o-maestro-do-canao-1320x629.jpg 1320w\" sizes=\"(max-width: 1024px) 100vw, 1024px\" \/><\/figure>\n\n<p><strong>05\/09\/2026 \u2013 14 horas<\/strong><\/p>\n\n<p><strong><em>Zeferina \u2013 Maria Brasileira<\/em> <\/strong>(Brasil, 2025, 120 minutos)<\/p>\n\n<p><strong>Direction: <\/strong>Lucas Bretas<\/p>\n\n<p><strong>Synopsis: <\/strong>O longa-metragem, um document\u00e1rio, traz para as telas a trajet\u00f3ria inspiradora de Zeferina, uma menina boia-fria que cresceu correndo descal\u00e7a pelos canaviais do interior paulista e, anos depois, surpreendeu o pa\u00eds ao vencer, em 2001, a tradicional Corrida Internacional de S\u00e3o Silvestre.<\/p>\n\n<p><strong>O filme tem classifica\u00e7\u00e3o indicativa livre.<\/strong><\/p>\n<p><b>Observa\u00e7\u00e3o: A sess\u00e3o contar\u00e1 com a presen\u00e7a da corredora Zeferina.<\/b><\/p>\n\n<figure class=\"wp-block-image size-large\"><img loading=\"lazy\" decoding=\"async\" width=\"1024\" height=\"498\" class=\"wp-image-13072\" src=\"https:\/\/cauim.org\/wp-content\/uploads\/2026\/09\/14147425_x216-1-1024x498.jpg\" alt=\"\" srcset=\"https:\/\/cauim.org\/wp-content\/uploads\/2026\/09\/14147425_x216-1-1024x498.jpg 1024w, https:\/\/cauim.org\/wp-content\/uploads\/2026\/09\/14147425_x216-1-300x146.jpg 300w, https:\/\/cauim.org\/wp-content\/uploads\/2026\/09\/14147425_x216-1-768x374.jpg 768w, https:\/\/cauim.org\/wp-content\/uploads\/2026\/09\/14147425_x216-1-18x9.jpg 18w, https:\/\/cauim.org\/wp-content\/uploads\/2026\/09\/14147425_x216-1-650x316.jpg 650w, https:\/\/cauim.org\/wp-content\/uploads\/2026\/09\/14147425_x216-1.jpg 1110w\" sizes=\"(max-width: 1024px) 100vw, 1024px\" \/><\/figure>\n\n<p><em>Uma imagem do filme<\/em> Zeferina \u2013 Maria Brasileira<em>.<\/em><\/p>\n\n<p><strong>08\/09\/2026 \u2013 19h30<\/strong><\/p>\n\n<p><strong><em>Bebel, Garota Propagand<\/em>a <\/strong>(Brasil, 1967, 103 minutos)<\/p>\n\n<p><strong>Direction:<\/strong> Maurice Capovilla<\/p>\n\n<p><strong>Casting: <\/strong>Rossana Ghessa, John Herbert, Paulo Jos\u00e9, Geraldo d\u2019el Rey, Washington Fernandes, Maur\u00edcio do Valle, Fernando Peixoto, Joana Fomm<\/p>\n\n<p><strong>Synopsis:<\/strong> Bebel (interpretada por Rossana Ghessa), uma jovem de origem simples, busca escapar de uma vida med\u00edocre na periferia paulistana. Ao ser descoberta pela ind\u00fastria publicit\u00e1ria, ela se transforma no rosto de uma grande campanha comercial. No entanto, a ascens\u00e3o mete\u00f3rica ao universo das apar\u00eancias, do <em>charme<\/em> fabricado e dos meios de comunica\u00e7\u00e3o cobra um pre\u00e7o alto, desumanizando seus afetos e expondo a artificialidade do <em>\u201csonho de consumo\u201d<\/em>.<\/p>\n\n<p>Baseado no romance <em>Bebel Que a Cidade Comeu<\/em>, de Ign\u00e1cio de Loyola Brand\u00e3o, o longa-metragem oferece um retrato \u00e1cido e perspicaz da moderniza\u00e7\u00e3o urbana, do consumismo e da ascens\u00e3o da cultura de massa no Brasil do final dos anos 1960.<\/p>\n\n<p><strong>O filme tem classifica\u00e7\u00e3o indicativa de 14 anos. <\/strong><\/p>\n\n<figure class=\"wp-block-image size-large\"><img loading=\"lazy\" decoding=\"async\" width=\"1024\" height=\"714\" class=\"wp-image-13071\" src=\"https:\/\/cauim.org\/wp-content\/uploads\/2026\/09\/3-1024x714.jpg\" alt=\"\" srcset=\"https:\/\/cauim.org\/wp-content\/uploads\/2026\/09\/3-1024x714.jpg 1024w, https:\/\/cauim.org\/wp-content\/uploads\/2026\/09\/3-300x209.jpg 300w, https:\/\/cauim.org\/wp-content\/uploads\/2026\/09\/3-768x535.jpg 768w, https:\/\/cauim.org\/wp-content\/uploads\/2026\/09\/3-1536x1070.jpg 1536w, https:\/\/cauim.org\/wp-content\/uploads\/2026\/09\/3-18x12.jpg 18w, https:\/\/cauim.org\/wp-content\/uploads\/2026\/09\/3-650x453.jpg 650w, https:\/\/cauim.org\/wp-content\/uploads\/2026\/09\/3-1320x920.jpg 1320w, https:\/\/cauim.org\/wp-content\/uploads\/2026\/09\/3.jpg 1999w\" sizes=\"(max-width: 1024px) 100vw, 1024px\" \/><\/figure>\n\n<p><em>Rossana Ghessa, interpretando Bebel.<\/em><\/p>\n\n<p><strong>12\/09\/2026 \u2013 9 horas<\/strong><\/p>\n\n<p><strong><em>Sim\u00e3o, O Caolho<\/em> <\/strong>(Brasil, 1952, 101 minutos)<\/p>\n\n<p><strong>Direction: <\/strong>Alberto Cavalcanti<\/p>\n\n<p><strong>Casting: <\/strong>Mesquitinha, Rachel Martins, Isaura Bruno, Iara de Aguiar, Sonia Coelho, Nair Bello, Carlos Ara\u00fajo<\/p>\n\n<p><strong>Synopsis:<\/strong> Ambientado nos anos 1930 e baseado em cr\u00f4nicas de Gale\u00e3o Coutinho (1897-1951), conta a hist\u00f3ria de um homem caolho que deseja a qualquer custo recuperar seu olho perdido e, para isso, se sujeita \u00e0s mais loucas experi\u00eancias.<\/p>\n\n<p><strong>O filme tem classifica\u00e7\u00e3o indicativa livre.<\/strong><\/p>\n\n<figure class=\"wp-block-image size-large\"><img loading=\"lazy\" decoding=\"async\" width=\"1024\" height=\"768\" class=\"wp-image-13070\" src=\"https:\/\/cauim.org\/wp-content\/uploads\/2026\/09\/hqdefault-1024x768.jpg\" alt=\"\" srcset=\"https:\/\/cauim.org\/wp-content\/uploads\/2026\/09\/hqdefault-1024x768.jpg 1024w, https:\/\/cauim.org\/wp-content\/uploads\/2026\/09\/hqdefault-300x225.jpg 300w, https:\/\/cauim.org\/wp-content\/uploads\/2026\/09\/hqdefault-768x576.jpg 768w, https:\/\/cauim.org\/wp-content\/uploads\/2026\/09\/hqdefault-16x12.jpg 16w, https:\/\/cauim.org\/wp-content\/uploads\/2026\/09\/hqdefault-650x488.jpg 650w, https:\/\/cauim.org\/wp-content\/uploads\/2026\/09\/hqdefault.jpg 1200w\" sizes=\"(max-width: 1024px) 100vw, 1024px\" \/><\/figure>\n\n<p><strong>15\/09\/2026 \u2013 19h30<\/strong><\/p>\n\n<p><strong><em>Luzia Homem<\/em> <\/strong>(Brasil, 1988, 108 minutos)<\/p>\n\n<p><strong>Direction: <\/strong>F\u00e1bio Barreto<\/p>\n\n<p><strong>Casting: <\/strong>Cl\u00e1udia Ohana, Jos\u00e9 de Abreu, Thales Pan Chacon, Luiza Falc\u00e3o, Chico D\u00edaz, Gilson Moura, Ruy Polanah\u00a0<\/p>\n\n<p><strong>Synopsis: <\/strong>Ap\u00f3s presenciar, quando crian\u00e7a, o assassinato de seus pais, Luzia (interpretada por Claudia Ohana) \u00e9 criada no ambiente adverso do sert\u00e3o, adotando vestimentas, comportamentos e fun\u00e7\u00f5es tradicionalmente masculinas, para se proteger da viol\u00eancia ao seu redor, sobreviver e vingar a morte de seus pais. Sua figura altiva e a recusa em se submeter \u00e0s expectativas sociais da \u00e9poca despertam a admira\u00e7\u00e3o de uns e o desejo obsessivo de alguns homens, especialmente de Raulino (Jos\u00e9 de Abreu), um sujeito violento e obcecado por ela.<\/p>\n\n<p><em>Luzia Homem<\/em> \u00e9 uma adapta\u00e7\u00e3o cinematogr\u00e1fica do romance hom\u00f4nimo de Domingos Ol\u00edmpio (1851-1906), publicado em 1903.<\/p>\n\n<p><strong>O filme tem classifica\u00e7\u00e3o indicativa de 14 anos.<\/strong><\/p>\n\n<figure class=\"wp-block-image size-large\"><img loading=\"lazy\" decoding=\"async\" width=\"1024\" height=\"572\" class=\"wp-image-13069\" src=\"https:\/\/cauim.org\/wp-content\/uploads\/2026\/09\/4-1024x572.jpg\" alt=\"\" srcset=\"https:\/\/cauim.org\/wp-content\/uploads\/2026\/09\/4-1024x572.jpg 1024w, https:\/\/cauim.org\/wp-content\/uploads\/2026\/09\/4-300x168.jpg 300w, https:\/\/cauim.org\/wp-content\/uploads\/2026\/09\/4-768x429.jpg 768w, https:\/\/cauim.org\/wp-content\/uploads\/2026\/09\/4-18x10.jpg 18w, https:\/\/cauim.org\/wp-content\/uploads\/2026\/09\/4-650x363.jpg 650w, https:\/\/cauim.org\/wp-content\/uploads\/2026\/09\/4-1320x737.jpg 1320w, https:\/\/cauim.org\/wp-content\/uploads\/2026\/09\/4.jpg 1438w\" sizes=\"(max-width: 1024px) 100vw, 1024px\" \/><\/figure>\n\n<p><strong>19\/09\/2026 \u2013 16 horas<\/strong><\/p>\n\n<p><strong><em>Jorge Rizzini, Jornalista, Escritor e M\u00e9dium<\/em> <\/strong>(Brasil, 2026)<\/p>\n\n<p><strong>Direction: <\/strong>Oceano Vieira de Melo<\/p>\n\n<p><strong>Synopsis: <\/strong>\u00c9 um document\u00e1rio a respeito de Jorge Rizzini (1924-2008), um dos maiores divulgadores da doutrina esp\u00edrita em nosso pa\u00eds.<\/p>\n\n<p><strong>O filme tem classifica\u00e7\u00e3o indicativa livre.<\/strong><\/p>\n<p><strong>Observa\u00e7\u00e3o: A sess\u00e3o contar\u00e1 com a presen\u00e7a do diretor Oceano Vieira de Melo.<\/strong><\/p>\n\n<figure class=\"wp-block-image size-full\"><img loading=\"lazy\" decoding=\"async\" width=\"900\" height=\"507\" class=\"wp-image-13068\" src=\"https:\/\/cauim.org\/wp-content\/uploads\/2026\/09\/Entrevista_com_Jorge_Rizzini.jpg\" alt=\"\" srcset=\"https:\/\/cauim.org\/wp-content\/uploads\/2026\/09\/Entrevista_com_Jorge_Rizzini.jpg 900w, https:\/\/cauim.org\/wp-content\/uploads\/2026\/09\/Entrevista_com_Jorge_Rizzini-300x169.jpg 300w, https:\/\/cauim.org\/wp-content\/uploads\/2026\/09\/Entrevista_com_Jorge_Rizzini-768x433.jpg 768w, https:\/\/cauim.org\/wp-content\/uploads\/2026\/09\/Entrevista_com_Jorge_Rizzini-18x10.jpg 18w, https:\/\/cauim.org\/wp-content\/uploads\/2026\/09\/Entrevista_com_Jorge_Rizzini-650x366.jpg 650w\" sizes=\"(max-width: 900px) 100vw, 900px\" \/><\/figure>\n\n<p><em>Jorge Rizzini.<\/em><\/p>\n\n<p><strong>22\/09\/2026 \u2013 8h30<\/strong><\/p>\n\n<p><strong>Sess\u00e3o duas brasileiras \u2013 Leila Diniz &amp; Patr\u00edcia Galv\u00e3o<\/strong><\/p>\n\n<p><em><strong>Leila Para Sempre Diniz<\/strong><\/em> (Brasil, 1976, 10 minutos)<\/p>\n\n<p><strong>Direction:<\/strong> Mariza Le\u00e3o &amp; S\u00e9rgio Rezende<\/p>\n\n<p><strong>Synopsis<\/strong>: A partir de trechos de filmes dos quais participou como atriz profissional, depoimentos de amigos e imagens em Super 8 mm de um filme sobre ela<em>, Leila Forever Diniz<\/em> Cela r\u00e9v\u00e8le des aper\u00e7us francs de la vie priv\u00e9e de l&#039;actrice Leila Diniz (1945-1972), qui, en plus d&#039;\u00eatre une muse du quartier d&#039;Ipanema et une l\u00e9gende pour une g\u00e9n\u00e9ration, a bris\u00e9 des tabous et provoqu\u00e9 un scandale \u00e0 une \u00e9poque o\u00f9 la r\u00e9pression dominait durement le Br\u00e9sil.<\/p>\n\n<p><strong>O filme tem classifica\u00e7\u00e3o indicativa de 14 anos.<\/strong><\/p>\n\n<p><em><strong>H\u00e9 Pagu, h\u00e9 !<\/strong><\/em> (Brasil, 1982, 15 minutos)<\/p>\n\n<p><strong>Direction:<\/strong> Ivo Branco<\/p>\n\n<p><strong>Casting:<\/strong> Edith Siqueira, Clodomiro Bacellar, Aldo Bueno e Julio Calasso<\/p>\n\n<p><strong>Synopsis:<\/strong> Le film a \u00e9t\u00e9 r\u00e9alis\u00e9 \u00e0 une \u00e9poque o\u00f9 la m\u00e9moire de l&#039;\u00e9crivaine, journaliste et militante politique Patr\u00edcia Galv\u00e3o (1910-1962), connue sous le nom de Pagu, \u00e9tait red\u00e9couverte ; elle \u00e9tait rest\u00e9e, jusque-l\u00e0, dans une relative obscurit\u00e9.<\/p>\n\n<p><em>H\u00e9 Pagu, h\u00e9 !<\/em> Il retrace le parcours de Pagu, offrant un portrait g\u00e9n\u00e9reux de l&#039;auteur de <em>parc industriel<\/em> (Publi\u00e9 en 1933, Pagu l&#039;a sign\u00e9 du pseudonyme Mara Lobo), consid\u00e9r\u00e9 comme le premier roman prol\u00e9tarien br\u00e9silien.<\/p>\n\n<p>Bien avant d&#039;\u00eatre connue sous le nom de Pagu, surnom que lui a donn\u00e9 le po\u00e8te Raul Bopp (1898-1984), Patr\u00edcia Galv\u00e3o \u00e9tait d\u00e9j\u00e0 une femme en avance sur son temps, son comportement \u00e9tant consid\u00e9r\u00e9 comme extravagant, et elle d\u00e9fendait les causes f\u00e9ministes.<\/p>\n\n<p>Outre une riche documentation d&#039;archives, comprenant de nombreuses photos et extraits de films, <em>H\u00e9 Pagu, h\u00e9 !<\/em> Il comprend des sc\u00e8nes dans lesquelles Pagu est interpr\u00e9t\u00e9e par l&#039;actrice Edith Siqueira.<\/p>\n\n<p><strong>O filme tem classifica\u00e7\u00e3o indicativa de 12 anos.<\/strong><\/p>\n\n<figure class=\"wp-block-image size-large\"><img loading=\"lazy\" decoding=\"async\" width=\"1024\" height=\"576\" class=\"wp-image-13067\" src=\"https:\/\/cauim.org\/wp-content\/uploads\/2026\/09\/73f89b3d190af82e80e3653042234ad7f9ed2ede7b33569e4f4397a09daa1920-1024x576.jpg\" alt=\"\" srcset=\"https:\/\/cauim.org\/wp-content\/uploads\/2026\/09\/73f89b3d190af82e80e3653042234ad7f9ed2ede7b33569e4f4397a09daa1920-1024x576.jpg 1024w, https:\/\/cauim.org\/wp-content\/uploads\/2026\/09\/73f89b3d190af82e80e3653042234ad7f9ed2ede7b33569e4f4397a09daa1920-300x169.jpg 300w, https:\/\/cauim.org\/wp-content\/uploads\/2026\/09\/73f89b3d190af82e80e3653042234ad7f9ed2ede7b33569e4f4397a09daa1920-768x432.jpg 768w, https:\/\/cauim.org\/wp-content\/uploads\/2026\/09\/73f89b3d190af82e80e3653042234ad7f9ed2ede7b33569e4f4397a09daa1920-1536x864.jpg 1536w, https:\/\/cauim.org\/wp-content\/uploads\/2026\/09\/73f89b3d190af82e80e3653042234ad7f9ed2ede7b33569e4f4397a09daa1920-18x10.jpg 18w, https:\/\/cauim.org\/wp-content\/uploads\/2026\/09\/73f89b3d190af82e80e3653042234ad7f9ed2ede7b33569e4f4397a09daa1920-650x366.jpg 650w, https:\/\/cauim.org\/wp-content\/uploads\/2026\/09\/73f89b3d190af82e80e3653042234ad7f9ed2ede7b33569e4f4397a09daa1920-1320x743.jpg 1320w, https:\/\/cauim.org\/wp-content\/uploads\/2026\/09\/73f89b3d190af82e80e3653042234ad7f9ed2ede7b33569e4f4397a09daa1920.jpg 1920w\" sizes=\"(max-width: 1024px) 100vw, 1024px\" \/><\/figure>\n\n<p><strong>22\/09\/2026 \u2013 19h30<\/strong><\/p>\n\n<p><strong><em>Policarpo Quaresma, Her\u00f3i do Brasil<\/em> <\/strong>(Brasil, 1997, 123 minutos)<\/p>\n\n<p><strong>Direction: <\/strong>Paulo Thiago<\/p>\n\n<p><strong>Casting: <\/strong>Paulo Jos\u00e9, Giulia Gam, Aracy Balabanian, Chico D\u00edaz, Bete Coelho, Ilya S\u00e3o Paulo, Antonio Calloni, Othon Bastos, Tonico Pereira, Jos\u00e9 Dumont<strong>\u00a0 <\/strong>\u00a0<\/p>\n\n<p><strong>Synopsis:<\/strong> O filme acompanha a jornada de Policarpo Quaresma (interpretado por Paulo Jos\u00e9), um funcion\u00e1rio p\u00fablico e patriota fervoroso que idealiza o Brasil de forma ing\u00eanua e ut\u00f3pica.<\/p>\n\n<p>Dirigido por Paulo Thiago (1945-2021), <em>Policarpo Quaresma, Her\u00f3i do Brasil<\/em> \u00e9 uma adapta\u00e7\u00e3o cinematogr\u00e1fica do cl\u00e1ssico romance pr\u00e9-modernista <em>Triste Fim de Policarpo Quaresma<\/em> (1915), escrito por Lima Barreto (1881-1922).<\/p>\n\n<p><strong>O filme tem classifica\u00e7\u00e3o indicativa de 12 anos.<\/strong><\/p>\n\n<figure class=\"wp-block-image size-large\"><img loading=\"lazy\" decoding=\"async\" width=\"1024\" height=\"706\" class=\"wp-image-13066\" src=\"https:\/\/cauim.org\/wp-content\/uploads\/2026\/09\/5-1024x706.jpg\" alt=\"\" srcset=\"https:\/\/cauim.org\/wp-content\/uploads\/2026\/09\/5-1024x706.jpg 1024w, https:\/\/cauim.org\/wp-content\/uploads\/2026\/09\/5-300x207.jpg 300w, https:\/\/cauim.org\/wp-content\/uploads\/2026\/09\/5-768x530.jpg 768w, https:\/\/cauim.org\/wp-content\/uploads\/2026\/09\/5-1536x1060.jpg 1536w, https:\/\/cauim.org\/wp-content\/uploads\/2026\/09\/5-18x12.jpg 18w, https:\/\/cauim.org\/wp-content\/uploads\/2026\/09\/5-650x448.jpg 650w, https:\/\/cauim.org\/wp-content\/uploads\/2026\/09\/5-1320x911.jpg 1320w, https:\/\/cauim.org\/wp-content\/uploads\/2026\/09\/5.jpg 1896w\" sizes=\"(max-width: 1024px) 100vw, 1024px\" \/><\/figure>\n\n<p><em>Em primeiro plano, Paulo Jos\u00e9 (1937-2021), numa cena de<\/em> Policarpo Quaresma, Her\u00f3i do Brasil<em>.<\/em><\/p>\n\n<p><strong>26\/09\/2026 \u2013 14 horas<\/strong><\/p>\n\n<p><strong><em>Zeferina \u2013 Maria Brasileira<\/em><\/strong> (Brasil, 2025, 120 minutos)<\/p>\n\n<p><strong>Direction: <\/strong>Lucas Bretas<\/p>\n\n<p><strong>Synopsis: <\/strong>O longa-metragem, um document\u00e1rio, traz para as telas a trajet\u00f3ria inspiradora de Zeferina, uma menina boia-fria que cresceu correndo descal\u00e7a pelos canaviais do interior paulista e, anos depois, surpreendeu o pa\u00eds ao vencer, em 2001, a tradicional Corrida Internacional de S\u00e3o Silvestre.<\/p>\n\n<p><strong>O filme tem classifica\u00e7\u00e3o indicativa livre.<\/strong><\/p>\n\n<figure class=\"wp-block-image size-large\"><img loading=\"lazy\" decoding=\"async\" width=\"1024\" height=\"498\" class=\"wp-image-13065\" src=\"https:\/\/cauim.org\/wp-content\/uploads\/2026\/09\/14147425_x216-1024x498.jpg\" alt=\"\" srcset=\"https:\/\/cauim.org\/wp-content\/uploads\/2026\/09\/14147425_x216-1024x498.jpg 1024w, https:\/\/cauim.org\/wp-content\/uploads\/2026\/09\/14147425_x216-300x146.jpg 300w, https:\/\/cauim.org\/wp-content\/uploads\/2026\/09\/14147425_x216-768x374.jpg 768w, https:\/\/cauim.org\/wp-content\/uploads\/2026\/09\/14147425_x216-18x9.jpg 18w, https:\/\/cauim.org\/wp-content\/uploads\/2026\/09\/14147425_x216-650x316.jpg 650w, https:\/\/cauim.org\/wp-content\/uploads\/2026\/09\/14147425_x216.jpg 1110w\" sizes=\"(max-width: 1024px) 100vw, 1024px\" \/><\/figure>\n\n<p><em>Uma imagem do filme<\/em> Zeferina \u2013 Maria Brasileira<em>.<\/em><\/p>\n\n<p><strong>28\/09\/2026 \u2013 8 horas<\/strong><\/p>\n\n<p><strong>Sess\u00e3o duas brasileiras \u2013 Leila Diniz &amp; Patr\u00edcia Galv\u00e3o<\/strong><\/p>\n\n<p><em><strong>Leila Para Sempre Diniz<\/strong><\/em> (Brasil, 1976, 10 minutos)<\/p>\n\n<p><strong>Direction:<\/strong> Mariza Le\u00e3o &amp; S\u00e9rgio Rezende<\/p>\n\n<p><strong>Synopsis<\/strong>: A partir de trechos de filmes dos quais participou como atriz profissional, depoimentos de amigos e imagens em Super 8 mm de um filme sobre ela<em>, Leila Forever Diniz<\/em> Cela r\u00e9v\u00e8le des aper\u00e7us francs de la vie priv\u00e9e de l&#039;actrice Leila Diniz (1945-1972), qui, en plus d&#039;\u00eatre une muse du quartier d&#039;Ipanema et une l\u00e9gende pour une g\u00e9n\u00e9ration, a bris\u00e9 des tabous et provoqu\u00e9 un scandale \u00e0 une \u00e9poque o\u00f9 la r\u00e9pression dominait durement le Br\u00e9sil.<\/p>\n\n<p><strong>O filme tem classifica\u00e7\u00e3o indicativa de 14 anos.<\/strong><\/p>\n\n<p><em><strong>H\u00e9 Pagu, h\u00e9 !<\/strong><\/em> (Brasil, 1982, 15 minutos)<\/p>\n\n<p><strong>Direction:<\/strong> Ivo Branco<\/p>\n\n<p><strong>Casting:<\/strong> Edith Siqueira, Clodomiro Bacellar, Aldo Bueno e Julio Calasso<\/p>\n\n<p><strong>Synopsis:<\/strong> Le film a \u00e9t\u00e9 r\u00e9alis\u00e9 \u00e0 une \u00e9poque o\u00f9 la m\u00e9moire de l&#039;\u00e9crivaine, journaliste et militante politique Patr\u00edcia Galv\u00e3o (1910-1962), connue sous le nom de Pagu, \u00e9tait red\u00e9couverte ; elle \u00e9tait rest\u00e9e, jusque-l\u00e0, dans une relative obscurit\u00e9.<\/p>\n\n<p><em>H\u00e9 Pagu, h\u00e9 !<\/em> Il retrace le parcours de Pagu, offrant un portrait g\u00e9n\u00e9reux de l&#039;auteur de <em>parc industriel<\/em> (Publi\u00e9 en 1933, Pagu l&#039;a sign\u00e9 du pseudonyme Mara Lobo), consid\u00e9r\u00e9 comme le premier roman prol\u00e9tarien br\u00e9silien.<\/p>\n\n<p>Bien avant d&#039;\u00eatre connue sous le nom de Pagu, surnom que lui a donn\u00e9 le po\u00e8te Raul Bopp (1898-1984), Patr\u00edcia Galv\u00e3o \u00e9tait d\u00e9j\u00e0 une femme en avance sur son temps, son comportement \u00e9tant consid\u00e9r\u00e9 comme extravagant, et elle d\u00e9fendait les causes f\u00e9ministes.<\/p>\n\n<p>Outre une riche documentation d&#039;archives, comprenant de nombreuses photos et extraits de films, <em>H\u00e9 Pagu, h\u00e9 !<\/em> Il comprend des sc\u00e8nes dans lesquelles Pagu est interpr\u00e9t\u00e9e par l&#039;actrice Edith Siqueira.<\/p>\n\n<p><strong>O filme tem classifica\u00e7\u00e3o indicativa de 12 anos.<\/strong><\/p>\n\n<figure class=\"wp-block-image size-large is-resized\"><img loading=\"lazy\" decoding=\"async\" width=\"724\" height=\"1024\" class=\"wp-image-13064\" style=\"width: 853px; height: auto;\" src=\"https:\/\/cauim.org\/wp-content\/uploads\/2026\/09\/Cartaz_filme_EH_PAGU_EH-724x1024.jpg\" alt=\"\" srcset=\"https:\/\/cauim.org\/wp-content\/uploads\/2026\/09\/Cartaz_filme_EH_PAGU_EH-724x1024.jpg 724w, https:\/\/cauim.org\/wp-content\/uploads\/2026\/09\/Cartaz_filme_EH_PAGU_EH-212x300.jpg 212w, https:\/\/cauim.org\/wp-content\/uploads\/2026\/09\/Cartaz_filme_EH_PAGU_EH-768x1086.jpg 768w, https:\/\/cauim.org\/wp-content\/uploads\/2026\/09\/Cartaz_filme_EH_PAGU_EH-8x12.jpg 8w, https:\/\/cauim.org\/wp-content\/uploads\/2026\/09\/Cartaz_filme_EH_PAGU_EH-460x650.jpg 460w, https:\/\/cauim.org\/wp-content\/uploads\/2026\/09\/Cartaz_filme_EH_PAGU_EH.jpg 960w\" sizes=\"(max-width: 724px) 100vw, 724px\" \/><\/figure>\n\n<p><strong>29\/09\/2026 \u2013 19h30<\/strong><\/p>\n\n<p><strong><em>Sagarana o Duelo<\/em><\/strong> (Brasil, 1974, 104 minutos)<\/p>\n\n<p><strong>Direction: <\/strong>Paulo Thiago<\/p>\n\n<p><strong>Casting: <\/strong>Milton Moraes, \u00cdtala Nandi, Joel Barcellos, Jofre Soares, Rodolfo Arena, \u00c1tila I\u00f3rio, Z\u00f3zimo Bulbul, Wilson Grey<\/p>\n\n<p><strong>Synopsis:<\/strong> A narrativa gira em torno da rivalidade entre Tur\u00edbio Todo (interpretado por Joel Barcellos) e Cassiano Gomes (Milton Moraes). Ap\u00f3s descobrir o caso extraconjugal entre sua esposa e Cassiano, Tur\u00edbio decide se vingar, mas acaba cometendo um erro tr\u00e1gico ao matar o irm\u00e3o de seu rival. O crime deflagra uma persegui\u00e7\u00e3o implac\u00e1vel atrav\u00e9s das veredas e poeira do sert\u00e3o. A trama se estabelece n\u00e3o apenas como uma busca por vingan\u00e7a, mas como um jogo psicol\u00f3gico sobre honra, destino e a inexorabilidade da divina.<\/p>\n\n<p>O longa-metragem traduz para as telas o conto \u201cO Duelo\u201d, presente no emblem\u00e1tico livro <em>Sagarana<\/em> (1946), de Jo\u00e3o Guimar\u00e3es Rosa (1908-1967), levando o espectador para o sert\u00e3o mineiro, um espa\u00e7o que transcende a geografia f\u00edsica para se tornar um territ\u00f3rio existencial, m\u00edtico e moral.<\/p>\n\n<p><strong>O filme tem classifica\u00e7\u00e3o indicativa de 16 anos.<\/strong><\/p>\n\n<figure class=\"wp-block-image size-large\"><img loading=\"lazy\" decoding=\"async\" width=\"1024\" height=\"574\" class=\"wp-image-13063\" src=\"https:\/\/cauim.org\/wp-content\/uploads\/2026\/09\/6-1024x574.jpg\" alt=\"\" srcset=\"https:\/\/cauim.org\/wp-content\/uploads\/2026\/09\/6-1024x574.jpg 1024w, https:\/\/cauim.org\/wp-content\/uploads\/2026\/09\/6-300x168.jpg 300w, https:\/\/cauim.org\/wp-content\/uploads\/2026\/09\/6-768x431.jpg 768w, https:\/\/cauim.org\/wp-content\/uploads\/2026\/09\/6-1536x861.jpg 1536w, https:\/\/cauim.org\/wp-content\/uploads\/2026\/09\/6-2048x1148.jpg 2048w, https:\/\/cauim.org\/wp-content\/uploads\/2026\/09\/6-18x10.jpg 18w, https:\/\/cauim.org\/wp-content\/uploads\/2026\/09\/6-650x365.jpg 650w, https:\/\/cauim.org\/wp-content\/uploads\/2026\/09\/6-1320x740.jpg 1320w\" sizes=\"(max-width: 1024px) 100vw, 1024px\" \/><\/figure>\n\n<p><strong>PROJETO: MAG \u2022 MEMORIAL DO AQU\u00cdFERO GUARANI \u2022 CAUIM \u2022 PRONAC: 261374<\/strong><\/p>\n\n<p><strong>PATROC\u00cdNIO: PETROBRAS<\/strong><\/p>\n\n<p>\u00a0<\/p>\n\n<p>\u00a0<\/p>\n\t\t\t\t\t\t\t\t<\/div>\n\t\t\t\t<\/div>\n\t\t\t\t\t<\/div>\n\t\t<\/div>\n\t\t\t\t\t<\/div>\n\t\t<\/section>\n\t\t\t\t<\/div>","protected":false},"excerpt":{"rendered":"<p>A Mostra Audiovisual \u00e9 uma atividade aberta \u00e0 popula\u00e7\u00e3o de Ribeir\u00e3o Preto [&hellip;]<\/p>\n","protected":false},"author":3,"featured_media":13078,"comment_status":"closed","ping_status":"closed","sticky":false,"template":"","format":"standard","meta":{"_acf_changed":false,"footnotes":""},"categories":[11],"tags":[],"class_list":["post-13062","post","type-post","status-publish","format-standard","has-post-thumbnail","hentry","category-filmes"],"acf":[],"yoast_head":"<!-- This site is optimized with the Yoast SEO plugin v21.4 - https:\/\/yoast.com\/wordpress\/plugins\/seo\/ -->\n<title>MOSTRA AUDIOVISUAL     PROGRAMA\u00c7\u00c3O DE SETEMBRO DE 2026 - Cine Clube Cauim<\/title>\n<meta name=\"robots\" content=\"index, follow, max-snippet:-1, max-image-preview:large, max-video-preview:-1\" \/>\n<link rel=\"canonical\" href=\"https:\/\/cauim.org\/fr\/mostra-audiovisual-programacao-de-setembro-de-2026\/\" \/>\n<meta property=\"og:locale\" content=\"fr_FR\" \/>\n<meta property=\"og:type\" content=\"article\" \/>\n<meta property=\"og:title\" content=\"MOSTRA AUDIOVISUAL     PROGRAMA\u00c7\u00c3O DE SETEMBRO DE 2026 - Cine Clube Cauim\" \/>\n<meta property=\"og:description\" content=\"A Mostra Audiovisual \u00e9 uma atividade aberta \u00e0 popula\u00e7\u00e3o de Ribeir\u00e3o Preto [&hellip;]\" \/>\n<meta property=\"og:url\" content=\"https:\/\/cauim.org\/fr\/mostra-audiovisual-programacao-de-setembro-de-2026\/\" \/>\n<meta property=\"og:site_name\" content=\"Cine Clube Cauim\" \/>\n<meta property=\"article:published_time\" content=\"2026-09-01T13:13:23+00:00\" \/>\n<meta property=\"article:modified_time\" content=\"2026-09-01T15:57:34+00:00\" \/>\n<meta property=\"og:image\" content=\"http:\/\/cauim.org\/wp-content\/uploads\/2026\/09\/capa.jpg\" \/>\n\t<meta property=\"og:image:width\" content=\"1408\" \/>\n\t<meta property=\"og:image:height\" content=\"768\" \/>\n\t<meta property=\"og:image:type\" content=\"image\/jpeg\" \/>\n<meta name=\"author\" content=\"marcoal.lucchetti\" \/>\n<meta name=\"twitter:card\" content=\"summary_large_image\" \/>\n<meta name=\"twitter:label1\" content=\"\u00c9crit par\" \/>\n\t<meta name=\"twitter:data1\" content=\"marcoal.lucchetti\" \/>\n\t<meta name=\"twitter:label2\" content=\"Dur\u00e9e de lecture estim\u00e9e\" \/>\n\t<meta name=\"twitter:data2\" content=\"13 minutes\" \/>\n<script type=\"application\/ld+json\" class=\"yoast-schema-graph\">{\"@context\":\"https:\/\/schema.org\",\"@graph\":[{\"@type\":\"Article\",\"@id\":\"https:\/\/cauim.org\/mostra-audiovisual-programacao-de-setembro-de-2026\/#article\",\"isPartOf\":{\"@id\":\"https:\/\/cauim.org\/mostra-audiovisual-programacao-de-setembro-de-2026\/\"},\"author\":{\"name\":\"marcoal.lucchetti\",\"@id\":\"https:\/\/cauim.org\/#\/schema\/person\/3f1c3cdcd0cfeb72cea8b62c3585a4dc\"},\"headline\":\"MOSTRA AUDIOVISUAL PROGRAMA\u00c7\u00c3O DE SETEMBRO DE 2026\",\"datePublished\":\"2026-09-01T13:13:23+00:00\",\"dateModified\":\"2026-09-01T15:57:34+00:00\",\"mainEntityOfPage\":{\"@id\":\"https:\/\/cauim.org\/mostra-audiovisual-programacao-de-setembro-de-2026\/\"},\"wordCount\":1986,\"publisher\":{\"@id\":\"https:\/\/cauim.org\/#organization\"},\"articleSection\":[\"Filmes\"],\"inLanguage\":\"fr-FR\"},{\"@type\":\"WebPage\",\"@id\":\"https:\/\/cauim.org\/mostra-audiovisual-programacao-de-setembro-de-2026\/\",\"url\":\"https:\/\/cauim.org\/mostra-audiovisual-programacao-de-setembro-de-2026\/\",\"name\":\"MOSTRA AUDIOVISUAL PROGRAMA\u00c7\u00c3O DE SETEMBRO DE 2026 - Cine Clube Cauim\",\"isPartOf\":{\"@id\":\"https:\/\/cauim.org\/#website\"},\"datePublished\":\"2026-09-01T13:13:23+00:00\",\"dateModified\":\"2026-09-01T15:57:34+00:00\",\"breadcrumb\":{\"@id\":\"https:\/\/cauim.org\/mostra-audiovisual-programacao-de-setembro-de-2026\/#breadcrumb\"},\"inLanguage\":\"fr-FR\",\"potentialAction\":[{\"@type\":\"ReadAction\",\"target\":[\"https:\/\/cauim.org\/mostra-audiovisual-programacao-de-setembro-de-2026\/\"]}]},{\"@type\":\"BreadcrumbList\",\"@id\":\"https:\/\/cauim.org\/mostra-audiovisual-programacao-de-setembro-de-2026\/#breadcrumb\",\"itemListElement\":[{\"@type\":\"ListItem\",\"position\":1,\"name\":\"In\u00edcio\",\"item\":\"https:\/\/cauim.org\/\"},{\"@type\":\"ListItem\",\"position\":2,\"name\":\"MOSTRA AUDIOVISUAL PROGRAMA\u00c7\u00c3O DE SETEMBRO DE 2026\"}]},{\"@type\":\"WebSite\",\"@id\":\"https:\/\/cauim.org\/#website\",\"url\":\"https:\/\/cauim.org\/\",\"name\":\"Cine Clube Cauim\",\"description\":\"\",\"publisher\":{\"@id\":\"https:\/\/cauim.org\/#organization\"},\"potentialAction\":[{\"@type\":\"SearchAction\",\"target\":{\"@type\":\"EntryPoint\",\"urlTemplate\":\"https:\/\/cauim.org\/?s={search_term_string}\"},\"query-input\":\"required name=search_term_string\"}],\"inLanguage\":\"fr-FR\"},{\"@type\":\"Organization\",\"@id\":\"https:\/\/cauim.org\/#organization\",\"name\":\"Cine Clube Cauim\",\"url\":\"https:\/\/cauim.org\/\",\"logo\":{\"@type\":\"ImageObject\",\"inLanguage\":\"fr-FR\",\"@id\":\"https:\/\/cauim.org\/#\/schema\/logo\/image\/\",\"url\":\"https:\/\/cauim.org\/wp-content\/uploads\/2023\/06\/cauim-roxo.png\",\"contentUrl\":\"https:\/\/cauim.org\/wp-content\/uploads\/2023\/06\/cauim-roxo.png\",\"width\":596,\"height\":161,\"caption\":\"Cine Clube Cauim\"},\"image\":{\"@id\":\"https:\/\/cauim.org\/#\/schema\/logo\/image\/\"},\"sameAs\":[\"https:\/\/www.instagram.com\/cauimoficial\/\"]},{\"@type\":\"Person\",\"@id\":\"https:\/\/cauim.org\/#\/schema\/person\/3f1c3cdcd0cfeb72cea8b62c3585a4dc\",\"name\":\"marcoal.lucchetti\",\"url\":\"https:\/\/cauim.org\/fr\/author\/marcoal-lucchetti\/\"}]}<\/script>\n<!-- \/ Yoast SEO plugin. -->","yoast_head_json":{"title":"MOSTRA AUDIOVISUAL     PROGRAMA\u00c7\u00c3O DE SETEMBRO DE 2026 - Cine Clube Cauim","robots":{"index":"index","follow":"follow","max-snippet":"max-snippet:-1","max-image-preview":"max-image-preview:large","max-video-preview":"max-video-preview:-1"},"canonical":"https:\/\/cauim.org\/fr\/mostra-audiovisual-programacao-de-setembro-de-2026\/","og_locale":"fr_FR","og_type":"article","og_title":"MOSTRA AUDIOVISUAL     PROGRAMA\u00c7\u00c3O DE SETEMBRO DE 2026 - Cine Clube Cauim","og_description":"A Mostra Audiovisual \u00e9 uma atividade aberta \u00e0 popula\u00e7\u00e3o de Ribeir\u00e3o Preto [&hellip;]","og_url":"https:\/\/cauim.org\/fr\/mostra-audiovisual-programacao-de-setembro-de-2026\/","og_site_name":"Cine Clube Cauim","article_published_time":"2026-09-01T13:13:23+00:00","article_modified_time":"2026-09-01T15:57:34+00:00","og_image":[{"width":1408,"height":768,"url":"http:\/\/cauim.org\/wp-content\/uploads\/2026\/09\/capa.jpg","type":"image\/jpeg"}],"author":"marcoal.lucchetti","twitter_card":"summary_large_image","twitter_misc":{"\u00c9crit par":"marcoal.lucchetti","Dur\u00e9e de lecture estim\u00e9e":"13 minutes"},"schema":{"@context":"https:\/\/schema.org","@graph":[{"@type":"Article","@id":"https:\/\/cauim.org\/mostra-audiovisual-programacao-de-setembro-de-2026\/#article","isPartOf":{"@id":"https:\/\/cauim.org\/mostra-audiovisual-programacao-de-setembro-de-2026\/"},"author":{"name":"marcoal.lucchetti","@id":"https:\/\/cauim.org\/#\/schema\/person\/3f1c3cdcd0cfeb72cea8b62c3585a4dc"},"headline":"MOSTRA AUDIOVISUAL PROGRAMA\u00c7\u00c3O DE SETEMBRO DE 2026","datePublished":"2026-09-01T13:13:23+00:00","dateModified":"2026-09-01T15:57:34+00:00","mainEntityOfPage":{"@id":"https:\/\/cauim.org\/mostra-audiovisual-programacao-de-setembro-de-2026\/"},"wordCount":1986,"publisher":{"@id":"https:\/\/cauim.org\/#organization"},"articleSection":["Filmes"],"inLanguage":"fr-FR"},{"@type":"WebPage","@id":"https:\/\/cauim.org\/mostra-audiovisual-programacao-de-setembro-de-2026\/","url":"https:\/\/cauim.org\/mostra-audiovisual-programacao-de-setembro-de-2026\/","name":"MOSTRA AUDIOVISUAL PROGRAMA\u00c7\u00c3O DE SETEMBRO DE 2026 - Cine Clube Cauim","isPartOf":{"@id":"https:\/\/cauim.org\/#website"},"datePublished":"2026-09-01T13:13:23+00:00","dateModified":"2026-09-01T15:57:34+00:00","breadcrumb":{"@id":"https:\/\/cauim.org\/mostra-audiovisual-programacao-de-setembro-de-2026\/#breadcrumb"},"inLanguage":"fr-FR","potentialAction":[{"@type":"ReadAction","target":["https:\/\/cauim.org\/mostra-audiovisual-programacao-de-setembro-de-2026\/"]}]},{"@type":"BreadcrumbList","@id":"https:\/\/cauim.org\/mostra-audiovisual-programacao-de-setembro-de-2026\/#breadcrumb","itemListElement":[{"@type":"ListItem","position":1,"name":"In\u00edcio","item":"https:\/\/cauim.org\/"},{"@type":"ListItem","position":2,"name":"MOSTRA AUDIOVISUAL PROGRAMA\u00c7\u00c3O DE SETEMBRO DE 2026"}]},{"@type":"WebSite","@id":"https:\/\/cauim.org\/#website","url":"https:\/\/cauim.org\/","name":"Cin\u00e9-club Cauim","description":"","publisher":{"@id":"https:\/\/cauim.org\/#organization"},"potentialAction":[{"@type":"SearchAction","target":{"@type":"EntryPoint","urlTemplate":"https:\/\/cauim.org\/?s={search_term_string}"},"query-input":"required name=search_term_string"}],"inLanguage":"fr-FR"},{"@type":"Organization","@id":"https:\/\/cauim.org\/#organization","name":"Cin\u00e9-club Cauim","url":"https:\/\/cauim.org\/","logo":{"@type":"ImageObject","inLanguage":"fr-FR","@id":"https:\/\/cauim.org\/#\/schema\/logo\/image\/","url":"https:\/\/cauim.org\/wp-content\/uploads\/2023\/06\/cauim-roxo.png","contentUrl":"https:\/\/cauim.org\/wp-content\/uploads\/2023\/06\/cauim-roxo.png","width":596,"height":161,"caption":"Cine Clube Cauim"},"image":{"@id":"https:\/\/cauim.org\/#\/schema\/logo\/image\/"},"sameAs":["https:\/\/www.instagram.com\/cauimoficial\/"]},{"@type":"Person","@id":"https:\/\/cauim.org\/#\/schema\/person\/3f1c3cdcd0cfeb72cea8b62c3585a4dc","name":"marcoal.lucchetti","url":"https:\/\/cauim.org\/fr\/author\/marcoal-lucchetti\/"}]}},"_links":{"self":[{"href":"https:\/\/cauim.org\/fr\/wp-json\/wp\/v2\/posts\/13062","targetHints":{"allow":["GET"]}}],"collection":[{"href":"https:\/\/cauim.org\/fr\/wp-json\/wp\/v2\/posts"}],"about":[{"href":"https:\/\/cauim.org\/fr\/wp-json\/wp\/v2\/types\/post"}],"author":[{"embeddable":true,"href":"https:\/\/cauim.org\/fr\/wp-json\/wp\/v2\/users\/3"}],"replies":[{"embeddable":true,"href":"https:\/\/cauim.org\/fr\/wp-json\/wp\/v2\/comments?post=13062"}],"version-history":[{"count":28,"href":"https:\/\/cauim.org\/fr\/wp-json\/wp\/v2\/posts\/13062\/revisions"}],"predecessor-version":[{"id":13107,"href":"https:\/\/cauim.org\/fr\/wp-json\/wp\/v2\/posts\/13062\/revisions\/13107"}],"wp:featuredmedia":[{"embeddable":true,"href":"https:\/\/cauim.org\/fr\/wp-json\/wp\/v2\/media\/13078"}],"wp:attachment":[{"href":"https:\/\/cauim.org\/fr\/wp-json\/wp\/v2\/media?parent=13062"}],"wp:term":[{"taxonomy":"category","embeddable":true,"href":"https:\/\/cauim.org\/fr\/wp-json\/wp\/v2\/categories?post=13062"},{"taxonomy":"post_tag","embeddable":true,"href":"https:\/\/cauim.org\/fr\/wp-json\/wp\/v2\/tags?post=13062"}],"curies":[{"name":"wp","href":"https:\/\/api.w.org\/{rel}","templated":true}]}}