{"id":13108,"date":"2026-09-01T13:41:06","date_gmt":"2026-09-01T16:41:06","guid":{"rendered":"https:\/\/cauim.org\/?p=13108"},"modified":"2026-09-01T14:19:05","modified_gmt":"2026-09-01T17:19:05","slug":"cauim-volta-a-exibir-o-filme-as-cores-do-tempo","status":"publish","type":"post","link":"https:\/\/cauim.org\/es\/cauim-volta-a-exibir-o-filme-as-cores-do-tempo\/","title":{"rendered":"CAUIM VOLTA A EXIBIR O FILME AS CORES DO TEMPO"},"content":{"rendered":"<div data-elementor-type=\"wp-post\" data-elementor-id=\"13108\" class=\"elementor elementor-13108\" data-elementor-post-type=\"post\">\n\t\t\t\t\t\t<section class=\"elementor-section elementor-top-section elementor-element elementor-element-dc392f elementor-section-boxed elementor-section-height-default elementor-section-height-default\" data-id=\"dc392f\" data-element_type=\"section\">\n\t\t\t\t\t\t<div class=\"elementor-container elementor-column-gap-default\">\n\t\t\t\t\t<div class=\"elementor-column elementor-col-100 elementor-top-column elementor-element elementor-element-11fc4958\" data-id=\"11fc4958\" data-element_type=\"column\">\n\t\t\t<div class=\"elementor-widget-wrap elementor-element-populated\">\n\t\t\t\t\t\t<div class=\"elementor-element elementor-element-41597df6 elementor-widget elementor-widget-text-editor\" data-id=\"41597df6\" data-element_type=\"widget\" data-widget_type=\"text-editor.default\">\n\t\t\t\t<div class=\"elementor-widget-container\">\n\t\t\t\t\t\t\t\t\t\n<p><strong>O Cauim, o cineclube que promove cidadania e cultura em Ribeir\u00e3o Preto, voltar\u00e1 a exibir, nos dias 4, 5 e 6 de setembro (sexta-feira, s\u00e1bado e domingo), \u00e0s 16h30 e \u00e0s 19h30, o filme <em>As Cores do Tempo<\/em>.<\/strong><\/p>\n\n<p><strong>O filme tem \u00e1udio em Franc\u00eas e legendas em Portugu\u00eas.<\/strong><\/p>\n\n<p><strong>Entrada franca. Os ingressos poder\u00e3o ser\u00e3o retirados, na bilheteria do Cauim, uma hora antes de cada sess\u00e3o.<\/strong><\/p>\n\n<p><strong><em>As Cores do Tempo<\/em><\/strong> (<em>La Venue de L\u2019Avenir<\/em>, Fran\u00e7a e B\u00e9lgica, 2025, 126 minutos)<\/p>\n\n<p><strong>Direcci\u00f3n: <\/strong>C\u00e9dric Klapisch<\/p>\n\n<p><strong>Elenco: <\/strong>Suzanne Lindon, Abraham Wapler, Vincent Macaigne<\/p>\n\n<p><strong>O filme tem classifica\u00e7\u00e3o indicativa de 14 anos.<\/strong><\/p>\n\n<p><strong>Sinopsis: <\/strong>Ao herdar uma antiga casa deixada intocada desde 1940, quatro primos distantes se reencontram e mergulham nos segredos h\u00e1 muito esquecidos de sua fam\u00edlia. Ao explorarem o local, descobrem vest\u00edgios da vida de Ad\u00e8le, uma jovem de vinte anos de idade que viveu ali em 1895, antes de partir para Paris. \u00c0 medida que percorrem os passos dessa ancestral enigm\u00e1tica, o passado ganha vida e come\u00e7a a ecoar no presente, desafiando as certezas dos quatro primos e revelando paralelos inesperados entre 2025 e o fim do s\u00e9culo 19.<\/p>\n\n<p>Para o <em>Variedad<\/em>, <em>As Cores do Temp<\/em>o \u00e9 um <em>\u201cgenial e cativante filme\u201d<\/em>, eso <em>\u201ccom duas linhas do tempo, conquista o p\u00fablico, ao abordar arte e ancestralidade\u201d<\/em>.<\/p>\n\n<figure class=\"wp-block-image size-full is-resized\"><img fetchpriority=\"high\" decoding=\"async\" width=\"739\" height=\"415\" class=\"wp-image-13110\" style=\"width: 853px; height: auto;\" src=\"https:\/\/cauim.org\/wp-content\/uploads\/2026\/09\/s-cores-cena-3.png\" alt=\"\" srcset=\"https:\/\/cauim.org\/wp-content\/uploads\/2026\/09\/s-cores-cena-3.png 739w, https:\/\/cauim.org\/wp-content\/uploads\/2026\/09\/s-cores-cena-3-300x168.png 300w, https:\/\/cauim.org\/wp-content\/uploads\/2026\/09\/s-cores-cena-3-18x10.png 18w, https:\/\/cauim.org\/wp-content\/uploads\/2026\/09\/s-cores-cena-3-650x365.png 650w\" sizes=\"(max-width: 739px) 100vw, 739px\" \/><\/figure>\n\n<p><em>Una escena de <\/em>As Cores do Tempo<em>.<\/em><\/p>\n\n<p><strong>N\u00f3s do Cauim esperamos por voc\u00ea.<\/strong><\/p>\n\t\t\t\t\t\t\t\t<\/div>\n\t\t\t\t<\/div>\n\t\t\t\t\t<\/div>\n\t\t<\/div>\n\t\t\t\t\t<\/div>\n\t\t<\/section>\n\t\t\t\t<\/div>","protected":false},"excerpt":{"rendered":"<p>O Cauim, o cineclube que promove cidadania e cultura em Ribeir\u00e3o Preto, [&hellip;]<\/p>\n","protected":false},"author":3,"featured_media":13112,"comment_status":"closed","ping_status":"closed","sticky":false,"template":"","format":"standard","meta":{"_acf_changed":false,"footnotes":""},"categories":[60,11],"tags":[],"class_list":["post-13108","post","type-post","status-publish","format-standard","has-post-thumbnail","hentry","category-cinematografo","category-filmes"],"acf":[],"yoast_head":"<!-- This site is optimized with the Yoast SEO plugin v21.4 - https:\/\/yoast.com\/wordpress\/plugins\/seo\/ -->\n<title>CAUIM VOLTA A EXIBIR O FILME AS CORES DO TEMPO - Cine Clube Cauim<\/title>\n<meta name=\"robots\" content=\"index, follow, max-snippet:-1, max-image-preview:large, max-video-preview:-1\" \/>\n<link rel=\"canonical\" href=\"https:\/\/cauim.org\/es\/cauim-volta-a-exibir-o-filme-as-cores-do-tempo\/\" \/>\n<meta property=\"og:locale\" content=\"es_ES\" \/>\n<meta property=\"og:type\" content=\"article\" \/>\n<meta property=\"og:title\" content=\"CAUIM VOLTA A EXIBIR O FILME AS CORES DO TEMPO - Cine Clube Cauim\" \/>\n<meta property=\"og:description\" content=\"O Cauim, o cineclube que promove cidadania e cultura em Ribeir\u00e3o Preto, [&hellip;]\" \/>\n<meta property=\"og:url\" content=\"https:\/\/cauim.org\/es\/cauim-volta-a-exibir-o-filme-as-cores-do-tempo\/\" \/>\n<meta property=\"og:site_name\" content=\"Cine Clube Cauim\" \/>\n<meta property=\"article:published_time\" content=\"2026-09-01T16:41:06+00:00\" \/>\n<meta property=\"article:modified_time\" content=\"2026-09-01T17:19:05+00:00\" \/>\n<meta property=\"og:image\" content=\"http:\/\/cauim.org\/wp-content\/uploads\/2026\/09\/MV5BZmU5YTMxOGItYjIyZS00OGU3LTg4NGMtZjZlNjM2ZGE1NTI5XkEyXkFqcGc@._V1_QL75_UX190_CR00190281_.jpg\" \/>\n\t<meta property=\"og:image:width\" content=\"190\" \/>\n\t<meta property=\"og:image:height\" content=\"281\" \/>\n\t<meta property=\"og:image:type\" content=\"image\/jpeg\" \/>\n<meta name=\"author\" content=\"marcoal.lucchetti\" \/>\n<meta name=\"twitter:card\" content=\"summary_large_image\" \/>\n<meta name=\"twitter:label1\" content=\"Escrito por\" \/>\n\t<meta name=\"twitter:data1\" content=\"marcoal.lucchetti\" \/>\n\t<meta name=\"twitter:label2\" content=\"Tiempo de lectura\" \/>\n\t<meta name=\"twitter:data2\" content=\"2 minutos\" \/>\n<script type=\"application\/ld+json\" class=\"yoast-schema-graph\">{\"@context\":\"https:\/\/schema.org\",\"@graph\":[{\"@type\":\"Article\",\"@id\":\"https:\/\/cauim.org\/cauim-volta-a-exibir-o-filme-as-cores-do-tempo\/#article\",\"isPartOf\":{\"@id\":\"https:\/\/cauim.org\/cauim-volta-a-exibir-o-filme-as-cores-do-tempo\/\"},\"author\":{\"name\":\"marcoal.lucchetti\",\"@id\":\"https:\/\/cauim.org\/#\/schema\/person\/3f1c3cdcd0cfeb72cea8b62c3585a4dc\"},\"headline\":\"CAUIM VOLTA A EXIBIR O FILME AS CORES DO TEMPO\",\"datePublished\":\"2026-09-01T16:41:06+00:00\",\"dateModified\":\"2026-09-01T17:19:05+00:00\",\"mainEntityOfPage\":{\"@id\":\"https:\/\/cauim.org\/cauim-volta-a-exibir-o-filme-as-cores-do-tempo\/\"},\"wordCount\":245,\"publisher\":{\"@id\":\"https:\/\/cauim.org\/#organization\"},\"articleSection\":[\"Cinemat\u00f3grafo\",\"Filmes\"],\"inLanguage\":\"es\"},{\"@type\":\"WebPage\",\"@id\":\"https:\/\/cauim.org\/cauim-volta-a-exibir-o-filme-as-cores-do-tempo\/\",\"url\":\"https:\/\/cauim.org\/cauim-volta-a-exibir-o-filme-as-cores-do-tempo\/\",\"name\":\"CAUIM VOLTA A EXIBIR O FILME AS CORES DO TEMPO - Cine Clube Cauim\",\"isPartOf\":{\"@id\":\"https:\/\/cauim.org\/#website\"},\"datePublished\":\"2026-09-01T16:41:06+00:00\",\"dateModified\":\"2026-09-01T17:19:05+00:00\",\"breadcrumb\":{\"@id\":\"https:\/\/cauim.org\/cauim-volta-a-exibir-o-filme-as-cores-do-tempo\/#breadcrumb\"},\"inLanguage\":\"es\",\"potentialAction\":[{\"@type\":\"ReadAction\",\"target\":[\"https:\/\/cauim.org\/cauim-volta-a-exibir-o-filme-as-cores-do-tempo\/\"]}]},{\"@type\":\"BreadcrumbList\",\"@id\":\"https:\/\/cauim.org\/cauim-volta-a-exibir-o-filme-as-cores-do-tempo\/#breadcrumb\",\"itemListElement\":[{\"@type\":\"ListItem\",\"position\":1,\"name\":\"In\u00edcio\",\"item\":\"https:\/\/cauim.org\/\"},{\"@type\":\"ListItem\",\"position\":2,\"name\":\"CAUIM VOLTA A EXIBIR O FILME AS CORES DO TEMPO\"}]},{\"@type\":\"WebSite\",\"@id\":\"https:\/\/cauim.org\/#website\",\"url\":\"https:\/\/cauim.org\/\",\"name\":\"Cine Clube Cauim\",\"description\":\"\",\"publisher\":{\"@id\":\"https:\/\/cauim.org\/#organization\"},\"potentialAction\":[{\"@type\":\"SearchAction\",\"target\":{\"@type\":\"EntryPoint\",\"urlTemplate\":\"https:\/\/cauim.org\/?s={search_term_string}\"},\"query-input\":\"required name=search_term_string\"}],\"inLanguage\":\"es\"},{\"@type\":\"Organization\",\"@id\":\"https:\/\/cauim.org\/#organization\",\"name\":\"Cine Clube Cauim\",\"url\":\"https:\/\/cauim.org\/\",\"logo\":{\"@type\":\"ImageObject\",\"inLanguage\":\"es\",\"@id\":\"https:\/\/cauim.org\/#\/schema\/logo\/image\/\",\"url\":\"https:\/\/cauim.org\/wp-content\/uploads\/2023\/06\/cauim-roxo.png\",\"contentUrl\":\"https:\/\/cauim.org\/wp-content\/uploads\/2023\/06\/cauim-roxo.png\",\"width\":596,\"height\":161,\"caption\":\"Cine Clube Cauim\"},\"image\":{\"@id\":\"https:\/\/cauim.org\/#\/schema\/logo\/image\/\"},\"sameAs\":[\"https:\/\/www.instagram.com\/cauimoficial\/\"]},{\"@type\":\"Person\",\"@id\":\"https:\/\/cauim.org\/#\/schema\/person\/3f1c3cdcd0cfeb72cea8b62c3585a4dc\",\"name\":\"marcoal.lucchetti\",\"url\":\"https:\/\/cauim.org\/es\/author\/marcoal-lucchetti\/\"}]}<\/script>\n<!-- \/ Yoast SEO plugin. -->","yoast_head_json":{"title":"CAUIM VOLTA A EXIBIR O FILME AS CORES DO TEMPO - Cine Clube Cauim","robots":{"index":"index","follow":"follow","max-snippet":"max-snippet:-1","max-image-preview":"max-image-preview:large","max-video-preview":"max-video-preview:-1"},"canonical":"https:\/\/cauim.org\/es\/cauim-volta-a-exibir-o-filme-as-cores-do-tempo\/","og_locale":"es_ES","og_type":"article","og_title":"CAUIM VOLTA A EXIBIR O FILME AS CORES DO TEMPO - Cine Clube Cauim","og_description":"O Cauim, o cineclube que promove cidadania e cultura em Ribeir\u00e3o Preto, [&hellip;]","og_url":"https:\/\/cauim.org\/es\/cauim-volta-a-exibir-o-filme-as-cores-do-tempo\/","og_site_name":"Cine Clube Cauim","article_published_time":"2026-09-01T16:41:06+00:00","article_modified_time":"2026-09-01T17:19:05+00:00","og_image":[{"width":190,"height":281,"url":"http:\/\/cauim.org\/wp-content\/uploads\/2026\/09\/MV5BZmU5YTMxOGItYjIyZS00OGU3LTg4NGMtZjZlNjM2ZGE1NTI5XkEyXkFqcGc@._V1_QL75_UX190_CR00190281_.jpg","type":"image\/jpeg"}],"author":"marcoal.lucchetti","twitter_card":"summary_large_image","twitter_misc":{"Escrito por":"marcoal.lucchetti","Tiempo de lectura":"2 minutos"},"schema":{"@context":"https:\/\/schema.org","@graph":[{"@type":"Article","@id":"https:\/\/cauim.org\/cauim-volta-a-exibir-o-filme-as-cores-do-tempo\/#article","isPartOf":{"@id":"https:\/\/cauim.org\/cauim-volta-a-exibir-o-filme-as-cores-do-tempo\/"},"author":{"name":"marcoal.lucchetti","@id":"https:\/\/cauim.org\/#\/schema\/person\/3f1c3cdcd0cfeb72cea8b62c3585a4dc"},"headline":"CAUIM VOLTA A EXIBIR O FILME AS CORES DO TEMPO","datePublished":"2026-09-01T16:41:06+00:00","dateModified":"2026-09-01T17:19:05+00:00","mainEntityOfPage":{"@id":"https:\/\/cauim.org\/cauim-volta-a-exibir-o-filme-as-cores-do-tempo\/"},"wordCount":245,"publisher":{"@id":"https:\/\/cauim.org\/#organization"},"articleSection":["Cinemat\u00f3grafo","Filmes"],"inLanguage":"es"},{"@type":"WebPage","@id":"https:\/\/cauim.org\/cauim-volta-a-exibir-o-filme-as-cores-do-tempo\/","url":"https:\/\/cauim.org\/cauim-volta-a-exibir-o-filme-as-cores-do-tempo\/","name":"CAUIM VOLTA A EXIBIR O FILME AS CORES DO TEMPO - Cine Clube Cauim","isPartOf":{"@id":"https:\/\/cauim.org\/#website"},"datePublished":"2026-09-01T16:41:06+00:00","dateModified":"2026-09-01T17:19:05+00:00","breadcrumb":{"@id":"https:\/\/cauim.org\/cauim-volta-a-exibir-o-filme-as-cores-do-tempo\/#breadcrumb"},"inLanguage":"es","potentialAction":[{"@type":"ReadAction","target":["https:\/\/cauim.org\/cauim-volta-a-exibir-o-filme-as-cores-do-tempo\/"]}]},{"@type":"BreadcrumbList","@id":"https:\/\/cauim.org\/cauim-volta-a-exibir-o-filme-as-cores-do-tempo\/#breadcrumb","itemListElement":[{"@type":"ListItem","position":1,"name":"In\u00edcio","item":"https:\/\/cauim.org\/"},{"@type":"ListItem","position":2,"name":"CAUIM VOLTA A EXIBIR O FILME AS CORES DO TEMPO"}]},{"@type":"WebSite","@id":"https:\/\/cauim.org\/#website","url":"https:\/\/cauim.org\/","name":"Club de cine de Cauim","description":"","publisher":{"@id":"https:\/\/cauim.org\/#organization"},"potentialAction":[{"@type":"SearchAction","target":{"@type":"EntryPoint","urlTemplate":"https:\/\/cauim.org\/?s={search_term_string}"},"query-input":"required name=search_term_string"}],"inLanguage":"es"},{"@type":"Organization","@id":"https:\/\/cauim.org\/#organization","name":"Club de cine de Cauim","url":"https:\/\/cauim.org\/","logo":{"@type":"ImageObject","inLanguage":"es","@id":"https:\/\/cauim.org\/#\/schema\/logo\/image\/","url":"https:\/\/cauim.org\/wp-content\/uploads\/2023\/06\/cauim-roxo.png","contentUrl":"https:\/\/cauim.org\/wp-content\/uploads\/2023\/06\/cauim-roxo.png","width":596,"height":161,"caption":"Cine Clube Cauim"},"image":{"@id":"https:\/\/cauim.org\/#\/schema\/logo\/image\/"},"sameAs":["https:\/\/www.instagram.com\/cauimoficial\/"]},{"@type":"Person","@id":"https:\/\/cauim.org\/#\/schema\/person\/3f1c3cdcd0cfeb72cea8b62c3585a4dc","name":"marcoal.lucchetti","url":"https:\/\/cauim.org\/es\/author\/marcoal-lucchetti\/"}]}},"_links":{"self":[{"href":"https:\/\/cauim.org\/es\/wp-json\/wp\/v2\/posts\/13108","targetHints":{"allow":["GET"]}}],"collection":[{"href":"https:\/\/cauim.org\/es\/wp-json\/wp\/v2\/posts"}],"about":[{"href":"https:\/\/cauim.org\/es\/wp-json\/wp\/v2\/types\/post"}],"author":[{"embeddable":true,"href":"https:\/\/cauim.org\/es\/wp-json\/wp\/v2\/users\/3"}],"replies":[{"embeddable":true,"href":"https:\/\/cauim.org\/es\/wp-json\/wp\/v2\/comments?post=13108"}],"version-history":[{"count":10,"href":"https:\/\/cauim.org\/es\/wp-json\/wp\/v2\/posts\/13108\/revisions"}],"predecessor-version":[{"id":13121,"href":"https:\/\/cauim.org\/es\/wp-json\/wp\/v2\/posts\/13108\/revisions\/13121"}],"wp:featuredmedia":[{"embeddable":true,"href":"https:\/\/cauim.org\/es\/wp-json\/wp\/v2\/media\/13112"}],"wp:attachment":[{"href":"https:\/\/cauim.org\/es\/wp-json\/wp\/v2\/media?parent=13108"}],"wp:term":[{"taxonomy":"category","embeddable":true,"href":"https:\/\/cauim.org\/es\/wp-json\/wp\/v2\/categories?post=13108"},{"taxonomy":"post_tag","embeddable":true,"href":"https:\/\/cauim.org\/es\/wp-json\/wp\/v2\/tags?post=13108"}],"curies":[{"name":"wp","href":"https:\/\/api.w.org\/{rel}","templated":true}]}}